{"id":6447,"date":"2019-06-24T15:06:24","date_gmt":"2019-06-24T15:06:24","guid":{"rendered":"http:\/\/noticiasrec.com\/?p=6447"},"modified":"2019-06-24T15:06:24","modified_gmt":"2019-06-24T15:06:24","slug":"las-listas-de-la-region-malvinas-argentinas-san-miguel-y-jose-c-paz","status":"publish","type":"post","link":"https:\/\/noticiasrec.com\/?p=6447","title":{"rendered":"Las listas de la regi\u00f3n Malvinas Argentinas, San Miguel y Jos\u00e9 C. Paz"},"content":{"rendered":"\n<p> <\/p>\n\n\n\n<p>En San Miguel el candidato a intendente es Franco La Porta y los candidatos a concejales son:<\/p>\n\n\n\n<p> Cristian Mayal, Luz Alvez, Manolo Castro, Carmen P\u00e9rez, Pablo Walker, Graciela Rodr\u00edguez, Jorge Lucioni, Claudia Borras, Juan Manuel \u201cManu\u201d Guichandut, Stella Maris Diaz, Fabi\u00e1n Ben\u00edtez, y Mar\u00eda Celeste Ortiz.<br>Consejeros escolares, Daniel Orqueda, Karina Caimari, Mart\u00edn Moreira, y Andrea Zapata.<br><br>Candidatos a consejeros escolares suplentes: Rolando \u201cRolo\u201d Cammino, Viviana Taylor, Oscar Figueroa, y M\u00f3nica Frustac.<br><\/p>\n\n\n\n<p>En Malvinas Argentinas el candidato a intendente es: Leo Nardini , <\/p>\n\n\n\n<p>Concejales Titulares: 1. Noelia Correa, 2. Alfredo Brussa, 3. Carina Pav\u00f3n, 4. Mario Chamorro, 5. N\u00e9lida Contreras, 6. Ger\u00f3nimo Moyano, 7. Andrea Roa, 8. Carlos Herrera, 9. Mariana Zuccarini, 10. Ariel Fern\u00e1ndez, 11. Susana Bergonzi, 12. Alberto Caballero; Concejales Suplentes: 01. Mar\u00eda Bel\u00e9n Navarro, 02. Jos\u00e9 Ignacio Dell Arciprete, 03. Mar\u00eda Anchava, 04. Nicol\u00e1s Miranda, 05. Carla Godoy, 06. Brian Garc\u00eda Donke, 07. Bel\u00e9n Barrera, 08. Abel Sadycz.;<\/p>\n\n\n\n<p> Consejeros Escolares Titulares: 01. Mar\u00eda Estela Moyano, 02. Marcelo Luna, 03. Nancy Ojeda, 04. Aldo Barrera.; Consejeros Escolares Suplentes: 01. Romina Luna, 02. Nicol\u00e1s S\u00e1nchez , 03. Melany Dalmau, 04. Javier Alejandro Basques.<br><\/p>\n\n\n\n<p>En Jos\u00e9 C. Paz el candidato a intendente es Mario Ishii y los candidatos a Concejales son:<\/p>\n\n\n\n<p>, 1. Roni Caggiano, 2. Eliana Pino, 3. Pablo Mansilla, 4. Karina Sosa, 5. Walter Gimenez , 6. Paula Leguizam\u00f3n<br>7. Nicolas Moscarini, 8. Mar\u00eda Frontera , 9. Yonatan Urquiaga , 10. Antonella Sauchelli, 11. Ale Federico , 12. Ofelia Villarreal. Y como consejeros Escolares titulares 1. Gustavo Balbuena, 2. MaruRolada.\u00a0<\/p>\n\n\n\n<p><\/p>\n","protected":false},"excerpt":{"rendered":"<p>En San Miguel el candidato a intendente es Franco La Porta y los candidatos a..<\/p>\n","protected":false},"author":2,"featured_media":6448,"comment_status":"open","ping_status":"open","sticky":false,"template":"","format":"standard","meta":{"footnotes":""},"categories":[10,9,4,8],"tags":[360,60,359,17,57],"class_list":["post-6447","post","type-post","status-publish","format-standard","has-post-thumbnail","hentry","category-jose-c-paz","category-malvinas-argentinas","category-politica","category-san-miguel","tag-candidatos","tag-jose-c-paz","tag-listas","tag-malvinas-argentinas","tag-san-miguel"],"_links":{"self":[{"href":"https:\/\/noticiasrec.com\/index.php?rest_route=\/wp\/v2\/posts\/6447","targetHints":{"allow":["GET"]}}],"collection":[{"href":"https:\/\/noticiasrec.com\/index.php?rest_route=\/wp\/v2\/posts"}],"about":[{"href":"https:\/\/noticiasrec.com\/index.php?rest_route=\/wp\/v2\/types\/post"}],"author":[{"embeddable":true,"href":"https:\/\/noticiasrec.com\/index.php?rest_route=\/wp\/v2\/users\/2"}],"replies":[{"embeddable":true,"href":"https:\/\/noticiasrec.com\/index.php?rest_route=%2Fwp%2Fv2%2Fcomments&post=6447"}],"version-history":[{"count":1,"href":"https:\/\/noticiasrec.com\/index.php?rest_route=\/wp\/v2\/posts\/6447\/revisions"}],"predecessor-version":[{"id":6449,"href":"https:\/\/noticiasrec.com\/index.php?rest_route=\/wp\/v2\/posts\/6447\/revisions\/6449"}],"wp:featuredmedia":[{"embeddable":true,"href":"https:\/\/noticiasrec.com\/index.php?rest_route=\/wp\/v2\/media\/6448"}],"wp:attachment":[{"href":"https:\/\/noticiasrec.com\/index.php?rest_route=%2Fwp%2Fv2%2Fmedia&parent=6447"}],"wp:term":[{"taxonomy":"category","embeddable":true,"href":"https:\/\/noticiasrec.com\/index.php?rest_route=%2Fwp%2Fv2%2Fcategories&post=6447"},{"taxonomy":"post_tag","embeddable":true,"href":"https:\/\/noticiasrec.com\/index.php?rest_route=%2Fwp%2Fv2%2Ftags&post=6447"}],"curies":[{"name":"wp","href":"https:\/\/api.w.org\/{rel}","templated":true}]}}