{"id":6435,"date":"2019-06-15T14:05:48","date_gmt":"2019-06-15T14:05:48","guid":{"rendered":"http:\/\/noticiasrec.com\/?p=6435"},"modified":"2019-06-15T14:05:48","modified_gmt":"2019-06-15T14:05:48","slug":"transporte-escolar-para-chicos-con-discapacidades-en-malvinas","status":"publish","type":"post","link":"https:\/\/noticiasrec.com\/?p=6435","title":{"rendered":"Transporte escolar para chicos con discapacidades en Malvinas"},"content":{"rendered":"\n<p>Entre todos los servicios y atenciones diarias que brinda la Direcci\u00f3n&nbsp;de&nbsp;Discapacidad&nbsp;de&nbsp;Malvinas Argentinas, que se cre\u00f3 en 2015, tambi\u00e9n cuenta con tres m\u00f3viles propios para transportar a 62 chicos malvinenses que van a distintas escuelas especiales, como la 502&nbsp;de&nbsp;Villa&nbsp;de&nbsp;Mayo y Bella Vista, el taller protegido \u201cMi futuro\u201d, el Centro&nbsp;de&nbsp;formaci\u00f3n laboral N\u00b01&nbsp;de&nbsp;San Miguel, y las escuelas 502 y 503&nbsp;de&nbsp;Jos\u00e9 C. Paz.<\/p>\n\n\n\n<p>El servicio&nbsp;de&nbsp;transporte es una&nbsp;de&nbsp;las necesidades b\u00e1sicas&nbsp;de&nbsp;las familias con vulnerabilidad social&nbsp;del Municipio, que&nbsp;dependen&nbsp;de&nbsp;la Direcci\u00f3n&nbsp;de&nbsp;Discapacidad como \u00fanico medio para enviar a los chicos a la escuela. \u201cCualquier persona que quiera trabajar ac\u00e1 tiene que tener una cuota&nbsp;deamor,&nbsp;de&nbsp;simpat\u00eda y&nbsp;de&nbsp;paciencia, porque sino es imposible. Nosotros como directivos vemos los perfiles: qui\u00e9n va para celador, para chofer. Tenemos esa evaluaci\u00f3n previa porque ellos, en cierto punto, terminan siendo parte&nbsp;de&nbsp;la familia\u201d, relat\u00f3 Celeste Villacorta, directora&nbsp;deDiscapacidad.<\/p>\n\n\n\n<p>Las solicitudes&nbsp;de&nbsp;las familias llegan a la Direcci\u00f3n por medio&nbsp;del trabajo articulado entre las escuelas y las trabajadoras sociales, luego&nbsp;de&nbsp;una evaluaci\u00f3n&nbsp;de&nbsp;la situaci\u00f3n familiar&nbsp;de&nbsp;cada caso particular. En la Direcci\u00f3n hay, adem\u00e1s, un servicio social a trav\u00e9s&nbsp;del cual las trabajadoras sociales dan respuesta a la&nbsp;demanda&nbsp;de&nbsp;mejoras habitacionales, solicitudes&nbsp;de&nbsp;sillas&nbsp;de&nbsp;ruedas o pr\u00f3tesis.<\/p>\n\n\n\n<p>\u201cPara m\u00ed es un orgullo porque como gesti\u00f3n estamos pudiendo dar respuesta a esas necesidades. Es emocionante porque muchas&nbsp;de&nbsp;esas familias son mam\u00e1s solas que necesitan salir a trabajar para mantenerse y mantener a sus hijos. Que nosotros podamos brindarles el servicio y que ellas puedan ir con la tranquilidad&nbsp;deque sus hijos est\u00e1n bien cuidados y que llegan a la escuela, para m\u00ed es emocionante porque sabemos que las estamos ayudando. M\u00e1s en este contexto donde hay tanta precariedad y tantas dificultades a nivel econ\u00f3mico y&nbsp;de&nbsp;empleo. Hay muchas familias que viven&nbsp;de&nbsp;changas y no tienen horarios fijos y necesitan una estructura&nbsp;de&nbsp;vida\u201d, cont\u00f3 Villacorta.<\/p>\n\n\n\n<p>Hay chicos que sin el servicio no podr\u00edan salir&nbsp;de&nbsp;sus casas y en varios casos fue gracias a los m\u00f3viles que pudieron escolarizarse por primera vez. Los usuarios&nbsp;de&nbsp;sillas&nbsp;de&nbsp;ruedas son los que m\u00e1s dificultades tienen al momento&nbsp;de&nbsp;acceder al transporte p\u00fablico. Por eso aunque antes se establec\u00edan puntos&nbsp;de&nbsp;encuentro, ahora se cuenta con la log\u00edstica necesaria para que el transporte pase casa por casa. Para Villacorta \u201cesa es la importancia y el orgullo que uno siente&nbsp;de&nbsp;garantizarle el&nbsp;derecho a ir a una escuela a un chico que durante diez a\u00f1os no tuvo respuesta. Que nosotros podamos dar este servicio a nivel municipal y que sea una pol\u00edtica&nbsp;de&nbsp;estado y que est\u00e9 en la agenda&nbsp;de&nbsp;nuestro intendente, es m\u00e1s que satisfactorio\u201d.<\/p>\n\n\n\n<p>Para m\u00e1s informaci\u00f3n, las familias pueden acercarse a la Subsecretar\u00eda&nbsp;de&nbsp;Promoci\u00f3n e Integraci\u00f3n Social&nbsp;de&nbsp;lunes a viernes&nbsp;de&nbsp;8 a 17 hs., que se&nbsp;encuentra ubicada en la calle Gral. Soler entre Batalla&nbsp;de&nbsp;Maip\u00fa y Paso&nbsp;de&nbsp;Los Andes en la Ciudad&nbsp;de&nbsp;Grand Bourg, donde funciona la Direcci\u00f3n&nbsp;de&nbsp;Discapacidad.<br><\/p>\n","protected":false},"excerpt":{"rendered":"<p>Entre todos los servicios y atenciones diarias que brinda la Direcci\u00f3n&nbsp;de&nbsp;Discapacidad&nbsp;de&nbsp;Malvinas Argentinas, que se cre\u00f3..<\/p>\n","protected":false},"author":2,"featured_media":6436,"comment_status":"open","ping_status":"open","sticky":false,"template":"","format":"standard","meta":{"footnotes":""},"categories":[9,3,19],"tags":[350,17,349,351],"class_list":["post-6435","post","type-post","status-publish","format-standard","has-post-thumbnail","hentry","category-malvinas-argentinas","category-municipios","category-salud","tag-chicos-con-discapacidades","tag-malvinas-argentinas","tag-transporte-escolar","tag-tres-moviles"],"_links":{"self":[{"href":"https:\/\/noticiasrec.com\/index.php?rest_route=\/wp\/v2\/posts\/6435","targetHints":{"allow":["GET"]}}],"collection":[{"href":"https:\/\/noticiasrec.com\/index.php?rest_route=\/wp\/v2\/posts"}],"about":[{"href":"https:\/\/noticiasrec.com\/index.php?rest_route=\/wp\/v2\/types\/post"}],"author":[{"embeddable":true,"href":"https:\/\/noticiasrec.com\/index.php?rest_route=\/wp\/v2\/users\/2"}],"replies":[{"embeddable":true,"href":"https:\/\/noticiasrec.com\/index.php?rest_route=%2Fwp%2Fv2%2Fcomments&post=6435"}],"version-history":[{"count":1,"href":"https:\/\/noticiasrec.com\/index.php?rest_route=\/wp\/v2\/posts\/6435\/revisions"}],"predecessor-version":[{"id":6437,"href":"https:\/\/noticiasrec.com\/index.php?rest_route=\/wp\/v2\/posts\/6435\/revisions\/6437"}],"wp:featuredmedia":[{"embeddable":true,"href":"https:\/\/noticiasrec.com\/index.php?rest_route=\/wp\/v2\/media\/6436"}],"wp:attachment":[{"href":"https:\/\/noticiasrec.com\/index.php?rest_route=%2Fwp%2Fv2%2Fmedia&parent=6435"}],"wp:term":[{"taxonomy":"category","embeddable":true,"href":"https:\/\/noticiasrec.com\/index.php?rest_route=%2Fwp%2Fv2%2Fcategories&post=6435"},{"taxonomy":"post_tag","embeddable":true,"href":"https:\/\/noticiasrec.com\/index.php?rest_route=%2Fwp%2Fv2%2Ftags&post=6435"}],"curies":[{"name":"wp","href":"https:\/\/api.w.org\/{rel}","templated":true}]}}