{"id":6429,"date":"2019-06-15T13:45:59","date_gmt":"2019-06-15T13:45:59","guid":{"rendered":"http:\/\/noticiasrec.com\/?p=6429"},"modified":"2019-06-15T13:45:59","modified_gmt":"2019-06-15T13:45:59","slug":"jaime-mendez-y-gabriel-sanchez-zinny-inauguraron-otro-jardin-de-infantes-en-san-miguel","status":"publish","type":"post","link":"https:\/\/noticiasrec.com\/?p=6429","title":{"rendered":"Jaime M\u00e9ndez y Gabriel S\u00e1nchez Zinny inauguraron otro jard\u00edn de infantes en San Miguel"},"content":{"rendered":"\n<p>\n\nEl intendente de San Miguel, Jaime M\u00e9ndez, y el ministro de Educaci\u00f3n de la Provincia, Gabriel S\u00e1nchez Zinny, inauguraron el Jard\u00edn de Infantes N\u00b0 927 de San Miguel, ubicado en las calles Irigoin y Mu\u00f1iz, en la zona de barrio M\u00e1ximo.<\/p>\n\n\n\n<p>La instituci\u00f3n cuenta con seis amplias salas y permitir\u00e1 que 360 ni\u00f1os del distrito puedan acceder al sistema de educaci\u00f3n inicial en los turnos ma\u00f1ana y tarde. Se trata de una obra realizada en conjunto por la Municipalidad de San Miguel y los Ministerios de Educaci\u00f3n de la Naci\u00f3n y de la provincia de Buenos Aires.<\/p>\n\n\n\n<p>El acto de apertura cont\u00f3 con la presencia del ministro de Gobierno bonaerense, Joaqu\u00edn de la Torre; el jefe de Gabinete del Ministerio de Educaci\u00f3n de la Naci\u00f3n, Javier Mezzamico,&nbsp;y la diputada provincial Mar\u00eda Jos\u00e9 Tedeschi, adem\u00e1s de autoridades municipales, docentes, directivos, alumnos y familias que integran la comunidad educativa del nuevo jard\u00edn.<br>Es el tercer jard\u00edn de infantes inaugurado en lo que va de 2019, contando al de los barrios San Ignacio y Parque La Luz, que ya est\u00e1n en funcionamiento recibiendo a 180 y 350 chicos respectivamente. Adem\u00e1s, est\u00e1 pr\u00f3ximo a concluirse un cuarto jard\u00edn, ubicado en Santa Br\u00edgida.<br><\/p>\n","protected":false},"excerpt":{"rendered":"<p>El intendente de San Miguel, Jaime M\u00e9ndez, y el ministro de Educaci\u00f3n de la Provincia,..<\/p>\n","protected":false},"author":2,"featured_media":6430,"comment_status":"open","ping_status":"open","sticky":false,"template":"","format":"standard","meta":{"footnotes":""},"categories":[25,3,8],"tags":[347,348,55,346,167,57],"class_list":["post-6429","post","type-post","status-publish","format-standard","has-post-thumbnail","hentry","category-educacion","category-municipios","category-san-miguel","tag-gabriel-sanchez-zinny","tag-inauguraron","tag-jaime-mendez","tag-jardin-de-infantes","tag-joaquin-de-la-torre","tag-san-miguel"],"_links":{"self":[{"href":"https:\/\/noticiasrec.com\/index.php?rest_route=\/wp\/v2\/posts\/6429","targetHints":{"allow":["GET"]}}],"collection":[{"href":"https:\/\/noticiasrec.com\/index.php?rest_route=\/wp\/v2\/posts"}],"about":[{"href":"https:\/\/noticiasrec.com\/index.php?rest_route=\/wp\/v2\/types\/post"}],"author":[{"embeddable":true,"href":"https:\/\/noticiasrec.com\/index.php?rest_route=\/wp\/v2\/users\/2"}],"replies":[{"embeddable":true,"href":"https:\/\/noticiasrec.com\/index.php?rest_route=%2Fwp%2Fv2%2Fcomments&post=6429"}],"version-history":[{"count":1,"href":"https:\/\/noticiasrec.com\/index.php?rest_route=\/wp\/v2\/posts\/6429\/revisions"}],"predecessor-version":[{"id":6431,"href":"https:\/\/noticiasrec.com\/index.php?rest_route=\/wp\/v2\/posts\/6429\/revisions\/6431"}],"wp:featuredmedia":[{"embeddable":true,"href":"https:\/\/noticiasrec.com\/index.php?rest_route=\/wp\/v2\/media\/6430"}],"wp:attachment":[{"href":"https:\/\/noticiasrec.com\/index.php?rest_route=%2Fwp%2Fv2%2Fmedia&parent=6429"}],"wp:term":[{"taxonomy":"category","embeddable":true,"href":"https:\/\/noticiasrec.com\/index.php?rest_route=%2Fwp%2Fv2%2Fcategories&post=6429"},{"taxonomy":"post_tag","embeddable":true,"href":"https:\/\/noticiasrec.com\/index.php?rest_route=%2Fwp%2Fv2%2Ftags&post=6429"}],"curies":[{"name":"wp","href":"https:\/\/api.w.org\/{rel}","templated":true}]}}