{"id":6424,"date":"2019-06-15T13:24:43","date_gmt":"2019-06-15T13:24:43","guid":{"rendered":"http:\/\/noticiasrec.com\/?p=6424"},"modified":"2019-06-15T13:25:48","modified_gmt":"2019-06-15T13:25:48","slug":"denuncian-el-faltante-de-vacunas-del-calendario-oficial-de-la-provincia-de-buenos-aires","status":"publish","type":"post","link":"https:\/\/noticiasrec.com\/?p=6424","title":{"rendered":"Denuncian el faltante de vacunas del calendario oficial de la provincia de Buenos Aires"},"content":{"rendered":"\n<p>La presidenta del bloque de Senadores de Unidad Ciudadana, Teresa Garc\u00eda, denunci\u00f3 la falta de entrega y aplicaci\u00f3n de las vacunas establecidas en el calendario oficial y advirti\u00f3 que la vacuna antimeningococcica ya no se consigue ni en las farmacias.<\/p>\n\n\n\n<p>\u201cLa necedad del Gobierno provincial que no informa cu\u00e1l es la situaci\u00f3n de las vacunas previstas en el calendario est\u00e1 poniendo en riesgo a la poblaci\u00f3n\u201d, advirti\u00f3.<\/p>\n\n\n\n<p>\u201cEl gobierno hace silencio ante los reiterados pedidos de informe que present\u00e9 para que el Ministerio de Salud de la provincia d\u00e9 cuenta de cu\u00e1l es la situaci\u00f3n. Los bonaerenses tienen derecho a saber cu\u00e1l es el problema en la distribuci\u00f3n de las dosis que deber\u00eda proveer Naci\u00f3n, cu\u00e1ntas dosis faltan, cu\u00e1ntas se han aplicado, qu\u00e9 enfermedades quedan sin cobertura, en qu\u00e9 lugares. La gobernadora Vidal no ha dicho ni una sola palabra, nadie explica nada y la situaci\u00f3n es grav\u00edsima\u201d, explic\u00f3 la legisladora.<\/p>\n\n\n\n<p>Teresa Garc\u00eda se\u00f1al\u00f3 que \u201cen un acta oficial de la comisi\u00f3n Naci\u00f3n de Inmunizaciones qued\u00f3 registrado la advertencia de la Sociedad de Pediatr\u00eda ante la falta de entrega de vacunas y las falencias en el plan de inmunizaciones, los pediatras dijeron que hay decenas de miles de ni\u00f1os que no est\u00e1n siendo vacunados\u201d. \u201cLa situaci\u00f3n es desesperante, las mam\u00e1s y los pap\u00e1s llevan a sus hijitos a vacunar y se enteran que no hay vacunas y vuelven una, dos, tres veces. Pero llega un momento en que no vuelven m\u00e1s y esos ni\u00f1os quedan sin vacunar\u201d, remarc\u00f3 Garc\u00eda.<\/p>\n\n\n\n<p>\u201cComo si este cuadro fuera poco desesperante, ahora tampoco se consigue la vacuna antimeningococcica en las farmacias. Es una vacuna muy cara, que superaba los 4 mil pesos y a pesar de que est\u00e1 incluida en el calendario obligatorio, entonces sucede que el gobierno no entrega las dosis para los vacunatorios de los hospitales pero tampoco se consigue en las farmacias\u201d<\/p>\n\n\n\n<p>Fuente\/\/provincianoticias.com.ar <\/p>\n","protected":false},"excerpt":{"rendered":"<p>La presidenta del bloque de Senadores de Unidad Ciudadana, Teresa Garc\u00eda, denunci\u00f3 la falta de..<\/p>\n","protected":false},"author":2,"featured_media":6425,"comment_status":"open","ping_status":"open","sticky":false,"template":"","format":"standard","meta":{"footnotes":""},"categories":[2,19],"tags":[345,342,341,164,344,343],"class_list":["post-6424","post","type-post","status-publish","format-standard","has-post-thumbnail","hentry","category-provincia","category-salud","tag-calendario-oficial","tag-denuncian","tag-faltante","tag-provincia-de-buenos-aires","tag-teresa-garci","tag-vacunas"],"_links":{"self":[{"href":"https:\/\/noticiasrec.com\/index.php?rest_route=\/wp\/v2\/posts\/6424","targetHints":{"allow":["GET"]}}],"collection":[{"href":"https:\/\/noticiasrec.com\/index.php?rest_route=\/wp\/v2\/posts"}],"about":[{"href":"https:\/\/noticiasrec.com\/index.php?rest_route=\/wp\/v2\/types\/post"}],"author":[{"embeddable":true,"href":"https:\/\/noticiasrec.com\/index.php?rest_route=\/wp\/v2\/users\/2"}],"replies":[{"embeddable":true,"href":"https:\/\/noticiasrec.com\/index.php?rest_route=%2Fwp%2Fv2%2Fcomments&post=6424"}],"version-history":[{"count":2,"href":"https:\/\/noticiasrec.com\/index.php?rest_route=\/wp\/v2\/posts\/6424\/revisions"}],"predecessor-version":[{"id":6428,"href":"https:\/\/noticiasrec.com\/index.php?rest_route=\/wp\/v2\/posts\/6424\/revisions\/6428"}],"wp:featuredmedia":[{"embeddable":true,"href":"https:\/\/noticiasrec.com\/index.php?rest_route=\/wp\/v2\/media\/6425"}],"wp:attachment":[{"href":"https:\/\/noticiasrec.com\/index.php?rest_route=%2Fwp%2Fv2%2Fmedia&parent=6424"}],"wp:term":[{"taxonomy":"category","embeddable":true,"href":"https:\/\/noticiasrec.com\/index.php?rest_route=%2Fwp%2Fv2%2Fcategories&post=6424"},{"taxonomy":"post_tag","embeddable":true,"href":"https:\/\/noticiasrec.com\/index.php?rest_route=%2Fwp%2Fv2%2Ftags&post=6424"}],"curies":[{"name":"wp","href":"https:\/\/api.w.org\/{rel}","templated":true}]}}