{"id":6420,"date":"2019-06-10T23:43:19","date_gmt":"2019-06-10T23:43:19","guid":{"rendered":"http:\/\/noticiasrec.com\/?p=6420"},"modified":"2019-06-10T23:43:19","modified_gmt":"2019-06-10T23:43:19","slug":"charla-sobre-youtubers-y-concientizacion-sobre-el-uso-de-las-redes-sociales-en-malvinas-argentinas","status":"publish","type":"post","link":"https:\/\/noticiasrec.com\/?p=6420","title":{"rendered":"Charla sobre \u201cYoutubers\u201d y concientizaci\u00f3n sobre el uso de las redes sociales en Malvinas Argentinas"},"content":{"rendered":"\n<p>La Direcci\u00f3n de Religi\u00f3n y Culto y la Subsecretar\u00eda de Educaci\u00f3n de Malvinas Argentinas organizaron dos jornadas sobre concientizaci\u00f3n de uso de redes sociales, a las cuales asistieron grupos de estudiantes del distrito acompa\u00f1ados por sus docentes. Iv\u00e1n Ram\u00edrez Devia, especialista en redes sociales, periodista y productor, fue el encargado de exponer ante el p\u00fablico.<\/p>\n\n\n\n<p>En el auditorio de la Universidad Nacional de Gral. Sarmiento, Ram\u00edrez Deviadijo: \u201cLe puse el t\u00edtulo de \u2018Youtubers\u2019 porque me parec\u00eda que era la forma de engancharlos. La diversi\u00f3n en las redes sociales en un punto. Pero tambi\u00e9n existen serios riesgos en ellas. En las charlas,tuvimos chicos desde los diez a los catorce a\u00f1os. Todos tienen celular, Instagram, canal de YouTube. Es muy bueno que existan estas posibilidades de charlar con los chicos para marcarles ciertas pautas y cuidados\u201d.<\/p>\n\n\n\n<p>Durante la presentaci\u00f3n,&nbsp;Iv\u00e1n&nbsp;Ram\u00edrez Devia&nbsp;habl\u00f3 sobre situaciones riesgosas respecto al uso de las redes sociales. \u201cComienzan siendo divertidas, pero que pueden desembocar en tragedias, como el&nbsp;acoso y el ciberbullying\u201d, apunt\u00f3. Adem\u00e1s, recomend\u00f3 no hablar con extra\u00f1os y reconocer cu\u00e1ndo un perfil es falso. Y plante\u00f3 tres pasos a seguir frente a un acoso o posible situaci\u00f3n de riesgo: \u201cHablar con los padres o con un mayor; denunciar en las redes sociales; y bloquear en las redes sociales\u201d.<\/p>\n\n\n\n<p>Por su parte, el subsecretario de Educaci\u00f3n local Daniel Morard, quien&nbsp;le dio la bienvenida a los estudiantes, coment\u00f3: \u201cEstamos viviendo una propuesta muy linda con estas charla de youtubers. Vinieron grupos de los dos turnos, ma\u00f1ana y tarde, los dos d\u00edas. Agradecemos a la Universidad que nos prest\u00f3 este lindo espacio. Dos mil chicos en total pasaron por estas charlas en estas dos jornadas. Esto sali\u00f3 a partir de unas conversaciones que tuvimos con docentes sobre el uso responsable de las redes\u201d.<\/p>\n\n\n\n<p>\u201cEl mensaje que quiere dejar este tipo de charlas es muy bueno y tenemos que contar tanto con la ayuda de los chicos como con la ayuda de los padres. Iv\u00e1n ya vino anteriormente, y debido a la buena onda y a la repercusi\u00f3n que tuvo, decidimos hacerlo en este espacio de la Universidad, que es mucho m\u00e1s grande. Tenemos la idea de seguir haci\u00e9ndolo\u201d, finaliz\u00f3 Morard.<br><\/p>\n","protected":false},"excerpt":{"rendered":"<p>La Direcci\u00f3n de Religi\u00f3n y Culto y la Subsecretar\u00eda de Educaci\u00f3n de Malvinas Argentinas organizaron..<\/p>\n","protected":false},"author":2,"featured_media":6421,"comment_status":"open","ping_status":"open","sticky":false,"template":"","format":"standard","meta":{"footnotes":""},"categories":[9,3],"tags":[336,338,17,339,340,337],"class_list":["post-6420","post","type-post","status-publish","format-standard","has-post-thumbnail","hentry","category-malvinas-argentinas","category-municipios","tag-charla","tag-concientizacion","tag-malvinas-argentinas","tag-redes-sociales","tag-uso","tag-youtubers"],"_links":{"self":[{"href":"https:\/\/noticiasrec.com\/index.php?rest_route=\/wp\/v2\/posts\/6420","targetHints":{"allow":["GET"]}}],"collection":[{"href":"https:\/\/noticiasrec.com\/index.php?rest_route=\/wp\/v2\/posts"}],"about":[{"href":"https:\/\/noticiasrec.com\/index.php?rest_route=\/wp\/v2\/types\/post"}],"author":[{"embeddable":true,"href":"https:\/\/noticiasrec.com\/index.php?rest_route=\/wp\/v2\/users\/2"}],"replies":[{"embeddable":true,"href":"https:\/\/noticiasrec.com\/index.php?rest_route=%2Fwp%2Fv2%2Fcomments&post=6420"}],"version-history":[{"count":1,"href":"https:\/\/noticiasrec.com\/index.php?rest_route=\/wp\/v2\/posts\/6420\/revisions"}],"predecessor-version":[{"id":6422,"href":"https:\/\/noticiasrec.com\/index.php?rest_route=\/wp\/v2\/posts\/6420\/revisions\/6422"}],"wp:featuredmedia":[{"embeddable":true,"href":"https:\/\/noticiasrec.com\/index.php?rest_route=\/wp\/v2\/media\/6421"}],"wp:attachment":[{"href":"https:\/\/noticiasrec.com\/index.php?rest_route=%2Fwp%2Fv2%2Fmedia&parent=6420"}],"wp:term":[{"taxonomy":"category","embeddable":true,"href":"https:\/\/noticiasrec.com\/index.php?rest_route=%2Fwp%2Fv2%2Fcategories&post=6420"},{"taxonomy":"post_tag","embeddable":true,"href":"https:\/\/noticiasrec.com\/index.php?rest_route=%2Fwp%2Fv2%2Ftags&post=6420"}],"curies":[{"name":"wp","href":"https:\/\/api.w.org\/{rel}","templated":true}]}}