{"id":6414,"date":"2019-06-10T23:20:52","date_gmt":"2019-06-10T23:20:52","guid":{"rendered":"http:\/\/noticiasrec.com\/?p=6414"},"modified":"2019-06-10T23:20:52","modified_gmt":"2019-06-10T23:20:52","slug":"el-intendente-de-jose-c-paz-mario-ishii-recibio-a-una-importante-delegacion-de-la-embajada-de-los-estados-unidos-en-argentina","status":"publish","type":"post","link":"https:\/\/noticiasrec.com\/?p=6414","title":{"rendered":"El intendente de Jos\u00e9 C. Paz, Mario Ishii, recibi\u00f3 a una importante delegaci\u00f3n de la Embajada de los Estados Unidos en Argentina"},"content":{"rendered":"\n<p> l intendente de\u00a0<strong>Jos\u00e9 C. Paz, Mario Ishii,<\/strong>\u00a0recibi\u00f3 en su despacho a una importante delegaci\u00f3n de la Embajada de los Estados Unidos de Am\u00e9rica en Argentina. La visita estuvo encabezada por la responsable de la secci\u00f3n pol\u00edtica, Kathryn B. Smith y la responsable de la secci\u00f3n econ\u00f3mica Kate Gluckman, y fue calificada como un importante hito en el marco del plan estrat\u00e9gico que el distrito lleva adelante para el crecimiento de Jos\u00e9 C. Paz y la pol\u00edtica de relacionamiento con otros pa\u00edses. <\/p>\n\n\n\n<p> Durante la reuni\u00f3n realizada en el palacio municipal, los funcionarios dialogaron sobre las problem\u00e1ticas regionales, nacionales e internacionales y los contextos pol\u00edticos, comerciales, econ\u00f3micos y culturales que influyen en el desarrollo de las sociedades. Tambi\u00e9n los diplom\u00e1ticos mostraron gran inter\u00e9s por conocer las obras realizadas por la actual administraci\u00f3n municipal. <\/p>\n\n\n\n<p> De la delegaci\u00f3n diplom\u00e1tica particip\u00f3 Mar\u00eda Soledad Iglesias Liste (especialista en econom\u00eda) y Silvana V. Oneto (experta en \u00e1rea pol\u00edtica); por la comuna tambi\u00e9n estuvo presente el director de Legales de la Secretar\u00eda de Obras y Servicios P\u00fablicos, Nicol\u00e1s Rodr\u00edguez Sa\u00e1, en concordancia al intercambio cultural que el funcionario realiz\u00f3 en Estados Unidos en el mes de mayo bajo el programa de liderazgo internacional. Tambi\u00e9n fueron recibidos por el secretario de Obras y Servicios P\u00fablicos Roberto Caggiano. <\/p>\n\n\n\n<p>\n\nTras la reuni\u00f3n, la delegaci\u00f3n realiz\u00f3 una recorrida por Jos\u00e9 C. Paz que incluy\u00f3 la f\u00e1brica Alberdi, el Hospital Oncol\u00f3gico \u201cVictoria Irene\u201d, el complejo habitacional del barrio Oscar Alfonzo y la obra de la futura Facultad de Medicina de la Universidad Nacional de Jos\u00e9 C. Paz (UNPAZ). Para finalizar la visita, se dirigieron hasta la sede de la UNPAZ, donde fueron recibidos por el rector Dr. Federico Thea y docentes de la Alta Casa de Estudios pace\u00f1a.\n\n<\/p>\n","protected":false},"excerpt":{"rendered":"<p>l intendente de\u00a0Jos\u00e9 C. Paz, Mario Ishii,\u00a0recibi\u00f3 en su despacho a una importante delegaci\u00f3n de..<\/p>\n","protected":false},"author":2,"featured_media":6415,"comment_status":"open","ping_status":"open","sticky":false,"template":"","format":"standard","meta":{"footnotes":""},"categories":[10,3],"tags":[329,330,60,62,320],"class_list":["post-6414","post","type-post","status-publish","format-standard","has-post-thumbnail","hentry","category-jose-c-paz","category-municipios","tag-delegacion","tag-embajada-de-los-estados-unidos-en-argentina","tag-jose-c-paz","tag-mario-ishii","tag-visita"],"_links":{"self":[{"href":"https:\/\/noticiasrec.com\/index.php?rest_route=\/wp\/v2\/posts\/6414","targetHints":{"allow":["GET"]}}],"collection":[{"href":"https:\/\/noticiasrec.com\/index.php?rest_route=\/wp\/v2\/posts"}],"about":[{"href":"https:\/\/noticiasrec.com\/index.php?rest_route=\/wp\/v2\/types\/post"}],"author":[{"embeddable":true,"href":"https:\/\/noticiasrec.com\/index.php?rest_route=\/wp\/v2\/users\/2"}],"replies":[{"embeddable":true,"href":"https:\/\/noticiasrec.com\/index.php?rest_route=%2Fwp%2Fv2%2Fcomments&post=6414"}],"version-history":[{"count":1,"href":"https:\/\/noticiasrec.com\/index.php?rest_route=\/wp\/v2\/posts\/6414\/revisions"}],"predecessor-version":[{"id":6416,"href":"https:\/\/noticiasrec.com\/index.php?rest_route=\/wp\/v2\/posts\/6414\/revisions\/6416"}],"wp:featuredmedia":[{"embeddable":true,"href":"https:\/\/noticiasrec.com\/index.php?rest_route=\/wp\/v2\/media\/6415"}],"wp:attachment":[{"href":"https:\/\/noticiasrec.com\/index.php?rest_route=%2Fwp%2Fv2%2Fmedia&parent=6414"}],"wp:term":[{"taxonomy":"category","embeddable":true,"href":"https:\/\/noticiasrec.com\/index.php?rest_route=%2Fwp%2Fv2%2Fcategories&post=6414"},{"taxonomy":"post_tag","embeddable":true,"href":"https:\/\/noticiasrec.com\/index.php?rest_route=%2Fwp%2Fv2%2Ftags&post=6414"}],"curies":[{"name":"wp","href":"https:\/\/api.w.org\/{rel}","templated":true}]}}