{"id":6395,"date":"2019-05-28T13:35:51","date_gmt":"2019-05-28T13:35:51","guid":{"rendered":"http:\/\/noticiasrec.com\/?p=6395"},"modified":"2019-05-28T13:36:52","modified_gmt":"2019-05-28T13:36:52","slug":"mario-ishii-se-convirtio-en-el-primer-baron-del-conurbano-en-impulsar-a-axel-kicillof-para-que-sea-gobernador","status":"publish","type":"post","link":"https:\/\/noticiasrec.com\/?p=6395","title":{"rendered":"Mario Ishii se convirti\u00f3 en el primer bar\u00f3n del conurbano en impulsar a Axel Kicillof para que sea gobernador"},"content":{"rendered":"\n<p>Tras la visita del diputado al municipio de Jos\u00e9 C. Paz, donde fu\u00e9 recibido por el intendente Mario Ishii, este, le manifest\u00f3 su apoyo y su intenci\u00f3n de acompa\u00f1ar la candidatura de Kiccilof a la gobernacion de la provincia de Buenos Aires.<\/p>\n\n\n\n<p>El diputado nacional <strong>Axel Kicillof<\/strong>, le confirm\u00f3 a Ishii sus deseos de ser precandidato a gobernador de la Provincia de Buenos Aires, a lo que recibi\u00f3 como respuesta el apoyo e impulso del intendente pace\u00f1o.  <\/p>\n\n\n\n<p>\u00abHace mucho que estoy recorriendo la Provincia y me parece fascinante, hay mucho por hacer\u00bb, agreg\u00f3 sobre sus visitas y conversaciones de campa\u00f1a a lo largo del territorio provincial.<\/p>\n","protected":false},"excerpt":{"rendered":"<p>Tras la visita del diputado al municipio de Jos\u00e9 C. Paz, donde fu\u00e9 recibido por..<\/p>\n","protected":false},"author":2,"featured_media":6396,"comment_status":"open","ping_status":"open","sticky":false,"template":"","format":"standard","meta":{"footnotes":""},"categories":[10,4,1],"tags":[316,319,318,317,60,62,320],"class_list":["post-6395","post","type-post","status-publish","format-standard","has-post-thumbnail","hentry","category-jose-c-paz","category-politica","category-sin-categoria","tag-axel-kicillof","tag-candidatura","tag-gobernador","tag-impulsar","tag-jose-c-paz","tag-mario-ishii","tag-visita"],"_links":{"self":[{"href":"https:\/\/noticiasrec.com\/index.php?rest_route=\/wp\/v2\/posts\/6395","targetHints":{"allow":["GET"]}}],"collection":[{"href":"https:\/\/noticiasrec.com\/index.php?rest_route=\/wp\/v2\/posts"}],"about":[{"href":"https:\/\/noticiasrec.com\/index.php?rest_route=\/wp\/v2\/types\/post"}],"author":[{"embeddable":true,"href":"https:\/\/noticiasrec.com\/index.php?rest_route=\/wp\/v2\/users\/2"}],"replies":[{"embeddable":true,"href":"https:\/\/noticiasrec.com\/index.php?rest_route=%2Fwp%2Fv2%2Fcomments&post=6395"}],"version-history":[{"count":1,"href":"https:\/\/noticiasrec.com\/index.php?rest_route=\/wp\/v2\/posts\/6395\/revisions"}],"predecessor-version":[{"id":6397,"href":"https:\/\/noticiasrec.com\/index.php?rest_route=\/wp\/v2\/posts\/6395\/revisions\/6397"}],"wp:featuredmedia":[{"embeddable":true,"href":"https:\/\/noticiasrec.com\/index.php?rest_route=\/wp\/v2\/media\/6396"}],"wp:attachment":[{"href":"https:\/\/noticiasrec.com\/index.php?rest_route=%2Fwp%2Fv2%2Fmedia&parent=6395"}],"wp:term":[{"taxonomy":"category","embeddable":true,"href":"https:\/\/noticiasrec.com\/index.php?rest_route=%2Fwp%2Fv2%2Fcategories&post=6395"},{"taxonomy":"post_tag","embeddable":true,"href":"https:\/\/noticiasrec.com\/index.php?rest_route=%2Fwp%2Fv2%2Ftags&post=6395"}],"curies":[{"name":"wp","href":"https:\/\/api.w.org\/{rel}","templated":true}]}}