{"id":6386,"date":"2019-05-28T12:17:11","date_gmt":"2019-05-28T12:17:11","guid":{"rendered":"http:\/\/noticiasrec.com\/?p=6386"},"modified":"2019-05-28T12:17:11","modified_gmt":"2019-05-28T12:17:11","slug":"miles-de-vecinos-celebraron-el-25-de-mayo-en-san-miguel-con-un-gran-desfile-patrio","status":"publish","type":"post","link":"https:\/\/noticiasrec.com\/?p=6386","title":{"rendered":"Miles de vecinos celebraron el 25 de Mayo en San Miguel con un gran desfile patrio"},"content":{"rendered":"\n<p>\n\nEl acto fue encabezado por el intendente Jaime M\u00e9ndez, en compa\u00f1\u00eda del comandante de la guarnici\u00f3n militar Buenos Aires, general de brigada Jos\u00e9 Antonio Saumell Robert. Estuvo presente el ministro de Gobierno bonaerense, Joaqu\u00edn de la Torre; la diputada provincial, Mar\u00eda Jos\u00e9 Tedeschi; y el presidente del Concejo Deliberante, Hugo Reverdito, entre otras autoridades.<\/p>\n\n\n\n<p>El desfile se llev\u00f3 a cabo en la Av. Per\u00f3n, entre Tribulato e Italia, con la presencia de miles de vecinos que se acercaron con banderas argentinas para celebrar en comunidad esta fiesta patria.<\/p>\n\n\n\n<p>\u201cCompartir en comunidad esta fecha, donde revalorizamos las ra\u00edces, costumbres y tradiciones de nuestra Patria nos llena de alegr\u00eda y fuerzas para seguir trabajando por el desarrollo de la Argentina y nuestro querido San Miguel\u201d, expres\u00f3 el intendente Jaime M\u00e9ndez, quien destac\u00f3 el fervor y participaci\u00f3n de los vecinos en la celebraci\u00f3n.<\/p>\n\n\n\n<p>Desfilaron distintas formaciones del Ej\u00e9rcito Argentino, Gendarmer\u00eda, helic\u00f3pteros de la Fuerza A\u00e9rea, m\u00f3viles de la Polic\u00eda Bonaerense y de la Secretar\u00eda de Seguridad municipal. Hubo veteranos de Malvinas y del Canal Beagle, bomberos voluntarios de General Sarmiento y la participaci\u00f3n especial de la Banda Militar de M\u00fasica.<\/p>\n\n\n\n<p>Adem\u00e1s, participaron diferentes instituciones como clubes deportivos, centros de jubilados, grupos de scout, escuelas y jardines de infantes, representantes de SAME San Miguel y de la Escuela de Enfermer\u00eda municipal.<\/p>\n\n\n\n<p>Tambi\u00e9n desfilaron integrantes de la Comedia Municipal, de los Centros de Desarrollo Infanto Familiar, del Ballet Folcl\u00f3rico municipal y de los centros culturales y tradicionalistas del distrito, entre otros.<\/p>\n\n\n\n<p><\/p>\n","protected":false},"excerpt":{"rendered":"<p>El acto fue encabezado por el intendente Jaime M\u00e9ndez, en compa\u00f1\u00eda del comandante de la..<\/p>\n","protected":false},"author":2,"featured_media":6387,"comment_status":"open","ping_status":"open","sticky":false,"template":"","format":"standard","meta":{"footnotes":""},"categories":[6,3,8],"tags":[308,309,55,57],"class_list":["post-6386","post","type-post","status-publish","format-standard","has-post-thumbnail","hentry","category-cultura-y-espectaculos","category-municipios","category-san-miguel","tag-25-de-mayo","tag-desfile-patrio","tag-jaime-mendez","tag-san-miguel"],"_links":{"self":[{"href":"https:\/\/noticiasrec.com\/index.php?rest_route=\/wp\/v2\/posts\/6386","targetHints":{"allow":["GET"]}}],"collection":[{"href":"https:\/\/noticiasrec.com\/index.php?rest_route=\/wp\/v2\/posts"}],"about":[{"href":"https:\/\/noticiasrec.com\/index.php?rest_route=\/wp\/v2\/types\/post"}],"author":[{"embeddable":true,"href":"https:\/\/noticiasrec.com\/index.php?rest_route=\/wp\/v2\/users\/2"}],"replies":[{"embeddable":true,"href":"https:\/\/noticiasrec.com\/index.php?rest_route=%2Fwp%2Fv2%2Fcomments&post=6386"}],"version-history":[{"count":1,"href":"https:\/\/noticiasrec.com\/index.php?rest_route=\/wp\/v2\/posts\/6386\/revisions"}],"predecessor-version":[{"id":6388,"href":"https:\/\/noticiasrec.com\/index.php?rest_route=\/wp\/v2\/posts\/6386\/revisions\/6388"}],"wp:featuredmedia":[{"embeddable":true,"href":"https:\/\/noticiasrec.com\/index.php?rest_route=\/wp\/v2\/media\/6387"}],"wp:attachment":[{"href":"https:\/\/noticiasrec.com\/index.php?rest_route=%2Fwp%2Fv2%2Fmedia&parent=6386"}],"wp:term":[{"taxonomy":"category","embeddable":true,"href":"https:\/\/noticiasrec.com\/index.php?rest_route=%2Fwp%2Fv2%2Fcategories&post=6386"},{"taxonomy":"post_tag","embeddable":true,"href":"https:\/\/noticiasrec.com\/index.php?rest_route=%2Fwp%2Fv2%2Ftags&post=6386"}],"curies":[{"name":"wp","href":"https:\/\/api.w.org\/{rel}","templated":true}]}}