{"id":6379,"date":"2019-05-11T12:41:05","date_gmt":"2019-05-11T12:41:05","guid":{"rendered":"http:\/\/noticiasrec.com\/?p=6379"},"modified":"2019-05-11T12:41:05","modified_gmt":"2019-05-11T12:41:05","slug":"san-miguel-lanza-medidas-economicas-de-alivio-para-el-sector-comercial","status":"publish","type":"post","link":"https:\/\/noticiasrec.com\/?p=6379","title":{"rendered":"San Miguel lanza medidas econ\u00f3micas de alivio para el sector comercial"},"content":{"rendered":"\n<p>\n\nLa Municipalidad de San Miguel ha venido trabajando en una serie de medidas econ\u00f3micas para acompa\u00f1ar al comercio y la industria en este momento dif\u00edcil.<br>Se trata de&nbsp;medidas que llegan a la gran mayor\u00eda de los contribuyentes del sector comercial, que representan un gran esfuerzo para la Municipalidad y que han sido consensuadas con la C\u00e1mara de Comercio e Industria.<br>A partir de junio y hasta fin de a\u00f1o, se implementar\u00e1n las siguientes bonificaciones:<br>\u2714Los emprendedores y las pymes que facturen hasta $300.000 al mes podr\u00e1n acceder a un descuento del 30% en la Tasa de Seguridad e Higiene.<br>\u2714Los emprendedores y las pymes que facturen m\u00e1s de $300.000 y hasta $1.100.000 podr\u00e1n acceder a un descuento del 20% en la Tasa de Seguridad e Higiene.<br>\u2714Para fomentar y acompa\u00f1ar la instalaci\u00f3n de comercios e industrias, realizaremos a partir de junio un 50% de bonificaci\u00f3n en nuevas habilitaciones. La bonificaci\u00f3n tambi\u00e9n incluye a aquellos contribuyentes que ya est\u00e9n en actividad y deban regularizar su situaci\u00f3n.<br>\u2714Para acompa\u00f1ar a las industrias, realizaremos una eximici\u00f3n de la tasa especial de aptitud ambiental a este sector.<br>\u2714A fin de contribuir con la regularizaci\u00f3n de todos nuestros comerciantes, bonificaremos en hasta 70% los intereses de tasas comerciales adeudadas y pondremos a disposici\u00f3n un plan especial de financiaci\u00f3n con una tasa de entre el 6% y el 9% anual.<\/p>\n\n\n\n<p>\u00abNosotros venimos trabajando con el municipio en varios temas -dijo el presidente de la C\u00e1mara de Comercio e Industria, Ra\u00fal Lima-. En los \u00faltimos meses, teniendo en cuenta la dif\u00edcil situaci\u00f3n que estamos viviendo, hemos comenzado a charlar la posibilidad de generar propuestas que ayuden a sobrellevar esta situaci\u00f3n. Afortunadamente, el municipio ha demostrado una sensibilidad especial con estas medidas, que est\u00e1n en l\u00ednea con lo que venimos hablando\u00bb.&nbsp;<\/p>\n\n\n\n<p>\u00abPor supuesto que las necesidades son mayores, pero tambi\u00e9n comprendemos que no se puede cumplir las expectativas de todos. En definitiva, estas medidas van a ayudar mucho y van a ser bienvenidas\u00bb, complet\u00f3 Lima.<\/p>\n\n\n\n<p><\/p>\n","protected":false},"excerpt":{"rendered":"<p>La Municipalidad de San Miguel ha venido trabajando en una serie de medidas econ\u00f3micas para..<\/p>\n","protected":false},"author":2,"featured_media":6380,"comment_status":"open","ping_status":"open","sticky":false,"template":"","format":"standard","meta":{"footnotes":""},"categories":[51,3,8],"tags":[306,307,304,57,305],"class_list":["post-6379","post","type-post","status-publish","format-standard","has-post-thumbnail","hentry","category-economia","category-municipios","category-san-miguel","tag-alivio","tag-camara-de-comercio-e-industria","tag-medidas-economicas","tag-san-miguel","tag-sector-comercial"],"_links":{"self":[{"href":"https:\/\/noticiasrec.com\/index.php?rest_route=\/wp\/v2\/posts\/6379","targetHints":{"allow":["GET"]}}],"collection":[{"href":"https:\/\/noticiasrec.com\/index.php?rest_route=\/wp\/v2\/posts"}],"about":[{"href":"https:\/\/noticiasrec.com\/index.php?rest_route=\/wp\/v2\/types\/post"}],"author":[{"embeddable":true,"href":"https:\/\/noticiasrec.com\/index.php?rest_route=\/wp\/v2\/users\/2"}],"replies":[{"embeddable":true,"href":"https:\/\/noticiasrec.com\/index.php?rest_route=%2Fwp%2Fv2%2Fcomments&post=6379"}],"version-history":[{"count":1,"href":"https:\/\/noticiasrec.com\/index.php?rest_route=\/wp\/v2\/posts\/6379\/revisions"}],"predecessor-version":[{"id":6381,"href":"https:\/\/noticiasrec.com\/index.php?rest_route=\/wp\/v2\/posts\/6379\/revisions\/6381"}],"wp:featuredmedia":[{"embeddable":true,"href":"https:\/\/noticiasrec.com\/index.php?rest_route=\/wp\/v2\/media\/6380"}],"wp:attachment":[{"href":"https:\/\/noticiasrec.com\/index.php?rest_route=%2Fwp%2Fv2%2Fmedia&parent=6379"}],"wp:term":[{"taxonomy":"category","embeddable":true,"href":"https:\/\/noticiasrec.com\/index.php?rest_route=%2Fwp%2Fv2%2Fcategories&post=6379"},{"taxonomy":"post_tag","embeddable":true,"href":"https:\/\/noticiasrec.com\/index.php?rest_route=%2Fwp%2Fv2%2Ftags&post=6379"}],"curies":[{"name":"wp","href":"https:\/\/api.w.org\/{rel}","templated":true}]}}