{"id":6376,"date":"2019-05-09T21:11:24","date_gmt":"2019-05-09T21:11:24","guid":{"rendered":"http:\/\/noticiasrec.com\/?p=6376"},"modified":"2019-05-09T21:11:24","modified_gmt":"2019-05-09T21:11:24","slug":"capacitacion-en-manipulacion-de-alimentos-en-el-municipio-de-jose-c-paz","status":"publish","type":"post","link":"https:\/\/noticiasrec.com\/?p=6376","title":{"rendered":"Capacitaci\u00f3n en manipulaci\u00f3n de alimentos en el municipio de Jos\u00e9 C. Paz"},"content":{"rendered":"\n<p>La Direcci\u00f3n General de Ingresos P\u00fablicos, dependiente de la Secretar\u00eda de Econom\u00eda y Hacienda, realizaron la capacitaci\u00f3n en Manipulaci\u00f3n de Alimentos, brindada en el Ministerio de Salud de la Provincial, a trav\u00e9s del Instituto Superior de Formaci\u00f3n T\u00e9cnica.<\/p>\n\n\n\n<p>El curso de Manipulaci\u00f3n Higi\u00e9nica de los Alimentos es la capacitaci\u00f3n primaria que deben realizar aquellas personas que en su actividad laboral est\u00e9n vinculadas con la manipulaci\u00f3n de alimentos, materias primas, utensilios y\/o equipos, enmarcado dentro del C\u00f3digo Alimentario Nacional en su Cap\u00edtulo XXI.<\/p>\n\n\n\n<p>Es permanente la capacitaci\u00f3n del cuerpo de Inspectores Municipales del \u00e1rea para brindarle a la poblaci\u00f3n mejores servicios a la poblaci\u00f3n.<\/p>\n\n\n\n<p>En la gesti\u00f3n encabezada por el Intendente Mario Ishii formaci\u00f3n  <br> <br>y desarrollo de conocimientos es sustancial en la gesti\u00f3n comunal <\/p>\n","protected":false},"excerpt":{"rendered":"<p>La Direcci\u00f3n General de Ingresos P\u00fablicos, dependiente de la Secretar\u00eda de Econom\u00eda y Hacienda, realizaron..<\/p>\n","protected":false},"author":2,"featured_media":6377,"comment_status":"open","ping_status":"open","sticky":false,"template":"","format":"standard","meta":{"footnotes":""},"categories":[25,10,3],"tags":[303,60,301,302],"class_list":["post-6376","post","type-post","status-publish","format-standard","has-post-thumbnail","hentry","category-educacion","category-jose-c-paz","category-municipios","tag-codigo-alimentario-nacional","tag-jose-c-paz","tag-manipulacion-de-alimentos","tag-ministerio-de-salud-de-la-provincial"],"_links":{"self":[{"href":"https:\/\/noticiasrec.com\/index.php?rest_route=\/wp\/v2\/posts\/6376","targetHints":{"allow":["GET"]}}],"collection":[{"href":"https:\/\/noticiasrec.com\/index.php?rest_route=\/wp\/v2\/posts"}],"about":[{"href":"https:\/\/noticiasrec.com\/index.php?rest_route=\/wp\/v2\/types\/post"}],"author":[{"embeddable":true,"href":"https:\/\/noticiasrec.com\/index.php?rest_route=\/wp\/v2\/users\/2"}],"replies":[{"embeddable":true,"href":"https:\/\/noticiasrec.com\/index.php?rest_route=%2Fwp%2Fv2%2Fcomments&post=6376"}],"version-history":[{"count":1,"href":"https:\/\/noticiasrec.com\/index.php?rest_route=\/wp\/v2\/posts\/6376\/revisions"}],"predecessor-version":[{"id":6378,"href":"https:\/\/noticiasrec.com\/index.php?rest_route=\/wp\/v2\/posts\/6376\/revisions\/6378"}],"wp:featuredmedia":[{"embeddable":true,"href":"https:\/\/noticiasrec.com\/index.php?rest_route=\/wp\/v2\/media\/6377"}],"wp:attachment":[{"href":"https:\/\/noticiasrec.com\/index.php?rest_route=%2Fwp%2Fv2%2Fmedia&parent=6376"}],"wp:term":[{"taxonomy":"category","embeddable":true,"href":"https:\/\/noticiasrec.com\/index.php?rest_route=%2Fwp%2Fv2%2Fcategories&post=6376"},{"taxonomy":"post_tag","embeddable":true,"href":"https:\/\/noticiasrec.com\/index.php?rest_route=%2Fwp%2Fv2%2Ftags&post=6376"}],"curies":[{"name":"wp","href":"https:\/\/api.w.org\/{rel}","templated":true}]}}