{"id":6373,"date":"2019-05-09T20:53:43","date_gmt":"2019-05-09T20:53:43","guid":{"rendered":"http:\/\/noticiasrec.com\/?p=6373"},"modified":"2019-05-09T20:53:43","modified_gmt":"2019-05-09T20:53:43","slug":"dos-presos-limaron-barrotes-y-se-escaparon-de-la-comisaria","status":"publish","type":"post","link":"https:\/\/noticiasrec.com\/?p=6373","title":{"rendered":"Dos presos limaron barrotes y se escaparon de la comisar\u00eda"},"content":{"rendered":"\n<p>Voceros de los tribunales de San Mart\u00edn revelaron que los hechos se produjeron a las 18:20 del domingo cuando cinco de los reclusos limaron los barrotes de una celda, salieron a un pasillo interno de la comisar\u00eda y, con una faca, redujeron a un sargento, quien llevaba adelante tareas de imaginaria, que se dispon\u00eda a entregarles la comida a los distintos detenidos y a quien amenazaron degollar.<\/p>\n\n\n\n<p>Con rapidez y por la puerta principal, los sujetos abandonaron el inmueble, situado en Jos\u00e9 de San Mart\u00edn al 1600, entre Soldado Baigorria y Yatasto.<\/p>\n\n\n\n<p>Trascendi\u00f3 que al arribar al cruce de Jos\u00e9 de San Mart\u00edn y Yatasto, 2 de los individuos ascendieron a un autom\u00f3vil -que ser\u00eda un Fiat Siena o un VW Polo plateado- y los otros a un VW Gol, patente JWQ 976. Un oficial subayudante, al advertir la maniobra del grupo, sali\u00f3 de la comisar\u00eda y, a la carrera, logr\u00f3 recapturar a los ocupantes del VW Gol, quienes fueron identificados como&nbsp;<strong>Nahuel Alan Aquino<\/strong>&nbsp;(acusado de \u00abRobo calificado\u00bb),&nbsp;<strong>Daniel Horacio Carabajal&nbsp;<\/strong>(imputado de \u00abHomicidio\u00bb), y<strong>Luis Alberto Su\u00e1rez<\/strong>&nbsp;(a quien se lo acusa de \u00abRobo calificado\u00bb).&nbsp;<\/p>\n\n\n\n<p>De acuerdo a lo manifestado por los informantes,\u00a0<strong>Aquino<\/strong>\u00a0y<strong>\u00a0Carabajal\u00a0<\/strong>est\u00e1n a disposici\u00f3n de la Unidad Funcional N\u00b0 18 de Malvinas Argentinas y <strong>\u00a0Su\u00e1rez\u00a0<\/strong>en un expediente de la Unidad Funcional N\u00b0 21 del citado distrito.<\/p>\n\n\n\n<p>Los pr\u00f3fugos en el hecho son&nbsp;<strong>Sergio Hern\u00e1n Lanci Albar\u00edn<\/strong>, de 29 a\u00f1os,&nbsp;(a quien se lo imputa de \u00abRobo agravado por el uso de arma de fuego\u00bb y que hab\u00eda sido detenido el 18 de febrero pasado en el Barrio Frino, en Jos\u00e9 C. Paz) y&nbsp;<strong>Rafael Serrano<\/strong>, de 30,&nbsp;(acusado de \u00abPortaci\u00f3n ilegal de arma de guerra\u00bb).&nbsp;<\/p>\n\n\n\n<p>Ambos presos se encontraban involucrados en causas tramitadas en la Unidad Funcional N\u00b0 21 de Malvinas Argentinas con intervenci\u00f3n del Juzgado de Garant\u00edas N\u00b0 3 de San Mart\u00edn.<\/p>\n\n\n\n<p>El sargento que hab\u00eda sido reducido finaliz\u00f3 ileso.<\/p>\n\n\n\n<p>Mientras tanto, el ministerio de Seguridad de la provincia de Buenos Aires dispuso que fueran relevados de sus cargos el titular de la comisar\u00eda de Grand Bourg y el responsable de la Jefatura Distrital de&nbsp;<a href=\"https:\/\/www.cronica.com.ar\/tags\/Malvinas%20Argentinas\">Malvinas Argentinas<\/a>, el comisario inspector<strong>&nbsp;Javier Lemma<\/strong>.<\/p>\n\n\n\n<p>Por su parte, la Auditor\u00eda General de Asuntos Internos (A.G.A.I.) de dicha cartera decidieron separar preventivamente de sus funciones a 2 efectivos policiales que se hallaban dentro de la comisar\u00eda cuando ocurri\u00f3 la evasi\u00f3n de los reos.<\/p>\n\n\n\n<p>Miembros de la Gendarmer\u00eda Nacional Argentina (GNA) se ocuparon de las pericias en el escenario del audaz il\u00edcito.<\/p>\n\n\n\n<p>Intervino en la causa, que fue caratulada \u00abEvasi\u00f3n\u00bb, la doctora\u00a0<strong>Valeria Alvarez<\/strong>, fiscal en turno de la Unidad Funcional N\u00b0 19 de\u00a0<a href=\"https:\/\/www.cronica.com.ar\/tags\/Malvinas%20Argentinas\">Malvinas Argentinas<\/a>, dependiente del departamento judicial de San Mart\u00edn.<\/p>\n\n\n\n<p>Fuente\/\/ www.Cronica.com.ar <\/p>\n","protected":false},"excerpt":{"rendered":"<p>Voceros de los tribunales de San Mart\u00edn revelaron que los hechos se produjeron a las..<\/p>\n","protected":false},"author":2,"featured_media":6374,"comment_status":"open","ping_status":"open","sticky":false,"template":"","format":"standard","meta":{"footnotes":""},"categories":[9,18],"tags":[298,300,299,17],"class_list":["post-6373","post","type-post","status-publish","format-standard","has-post-thumbnail","hentry","category-malvinas-argentinas","category-policiales","tag-dos-presos","tag-escaparon","tag-limaron-barrotes","tag-malvinas-argentinas"],"_links":{"self":[{"href":"https:\/\/noticiasrec.com\/index.php?rest_route=\/wp\/v2\/posts\/6373","targetHints":{"allow":["GET"]}}],"collection":[{"href":"https:\/\/noticiasrec.com\/index.php?rest_route=\/wp\/v2\/posts"}],"about":[{"href":"https:\/\/noticiasrec.com\/index.php?rest_route=\/wp\/v2\/types\/post"}],"author":[{"embeddable":true,"href":"https:\/\/noticiasrec.com\/index.php?rest_route=\/wp\/v2\/users\/2"}],"replies":[{"embeddable":true,"href":"https:\/\/noticiasrec.com\/index.php?rest_route=%2Fwp%2Fv2%2Fcomments&post=6373"}],"version-history":[{"count":1,"href":"https:\/\/noticiasrec.com\/index.php?rest_route=\/wp\/v2\/posts\/6373\/revisions"}],"predecessor-version":[{"id":6375,"href":"https:\/\/noticiasrec.com\/index.php?rest_route=\/wp\/v2\/posts\/6373\/revisions\/6375"}],"wp:featuredmedia":[{"embeddable":true,"href":"https:\/\/noticiasrec.com\/index.php?rest_route=\/wp\/v2\/media\/6374"}],"wp:attachment":[{"href":"https:\/\/noticiasrec.com\/index.php?rest_route=%2Fwp%2Fv2%2Fmedia&parent=6373"}],"wp:term":[{"taxonomy":"category","embeddable":true,"href":"https:\/\/noticiasrec.com\/index.php?rest_route=%2Fwp%2Fv2%2Fcategories&post=6373"},{"taxonomy":"post_tag","embeddable":true,"href":"https:\/\/noticiasrec.com\/index.php?rest_route=%2Fwp%2Fv2%2Ftags&post=6373"}],"curies":[{"name":"wp","href":"https:\/\/api.w.org\/{rel}","templated":true}]}}