{"id":6361,"date":"2019-05-06T19:49:33","date_gmt":"2019-05-06T19:49:33","guid":{"rendered":"http:\/\/noticiasrec.com\/?p=6361"},"modified":"2019-05-06T19:49:33","modified_gmt":"2019-05-06T19:49:33","slug":"paro-de-estatales-complica-a-vidal-por-posibles-cierre-de-escuelas","status":"publish","type":"post","link":"https:\/\/noticiasrec.com\/?p=6361","title":{"rendered":"Paro de estatales complica a Vidal por posibles cierre de escuelas"},"content":{"rendered":"\n<p>El d\u00eda 7 de mayo, la Asociaci\u00f3n Trabajadores del Estado (ATE) de la provincia de Buenos Aires realizar\u00e1 un paro que tendr\u00e1 como acci\u00f3n central una movilizaci\u00f3n al ministerio de econom\u00eda. La medida reclama la reapertura de paritaria de la Ley 10.430, aumento salarial que permita recuperar el poder adquisitivo perdido, el pase a planta permanente de los precarizados y la reincorporaci\u00f3n y el cese de los despidos.<\/p>\n\n\n\n<p>Esta acci\u00f3n se hace en unidad con la Asociaci\u00f3n Judicial Bonaerense (AJB), Asociaci\u00f3n de Personal Legislativo (APL), seccionales de SUTEBA y AEMOPBA, quienes llevar\u00e1n a las calles platenses sus reclamos puntuales<\/p>\n\n\n\n<p>\u201cLa decisi\u00f3n de la gobernadora Vidal de desestimar los problemas de los estatales bonaerenses, su desprecio para tratar los problemas laborales nos llevan a la necesidad de realizar esta medida con movilizaci\u00f3n al ministerio de econom\u00eda reclamando la reapertura de paritarias para los estatales bonaerenses que nos permita recuperar el poder adquisitivo perdido\u201d, se\u00f1al\u00f3 el titular de ATE y la CTA Aut\u00f3noma de la provincia de Buenos Aires, Oscar de Isasi.<\/p>\n\n\n\n<p>Con esta medida, el gremio mayoritario complica la gesti\u00f3n provincial que seguramente recibir\u00e1 el rechazo de las familias bonaerenses que deber\u00e1n rehacer su cotidianidad ya que los auxiliares afiliados a ATE que se desempe\u00f1an en las escuelas bonaerenses tambi\u00e9n se plegar\u00e1n al paro, y ponen en duda la apertura de los colegios.<\/p>\n","protected":false},"excerpt":{"rendered":"<p>El d\u00eda 7 de mayo, la Asociaci\u00f3n Trabajadores del Estado (ATE) de la provincia de..<\/p>\n","protected":false},"author":2,"featured_media":6362,"comment_status":"open","ping_status":"open","sticky":false,"template":"","format":"standard","meta":{"footnotes":""},"categories":[2,22],"tags":[293,292,291,281,205],"class_list":["post-6361","post","type-post","status-publish","format-standard","has-post-thumbnail","hentry","category-provincia","category-sindicales","tag-ate","tag-cierre-de-escuelas","tag-estatales","tag-paro","tag-vidal"],"_links":{"self":[{"href":"https:\/\/noticiasrec.com\/index.php?rest_route=\/wp\/v2\/posts\/6361","targetHints":{"allow":["GET"]}}],"collection":[{"href":"https:\/\/noticiasrec.com\/index.php?rest_route=\/wp\/v2\/posts"}],"about":[{"href":"https:\/\/noticiasrec.com\/index.php?rest_route=\/wp\/v2\/types\/post"}],"author":[{"embeddable":true,"href":"https:\/\/noticiasrec.com\/index.php?rest_route=\/wp\/v2\/users\/2"}],"replies":[{"embeddable":true,"href":"https:\/\/noticiasrec.com\/index.php?rest_route=%2Fwp%2Fv2%2Fcomments&post=6361"}],"version-history":[{"count":1,"href":"https:\/\/noticiasrec.com\/index.php?rest_route=\/wp\/v2\/posts\/6361\/revisions"}],"predecessor-version":[{"id":6363,"href":"https:\/\/noticiasrec.com\/index.php?rest_route=\/wp\/v2\/posts\/6361\/revisions\/6363"}],"wp:featuredmedia":[{"embeddable":true,"href":"https:\/\/noticiasrec.com\/index.php?rest_route=\/wp\/v2\/media\/6362"}],"wp:attachment":[{"href":"https:\/\/noticiasrec.com\/index.php?rest_route=%2Fwp%2Fv2%2Fmedia&parent=6361"}],"wp:term":[{"taxonomy":"category","embeddable":true,"href":"https:\/\/noticiasrec.com\/index.php?rest_route=%2Fwp%2Fv2%2Fcategories&post=6361"},{"taxonomy":"post_tag","embeddable":true,"href":"https:\/\/noticiasrec.com\/index.php?rest_route=%2Fwp%2Fv2%2Ftags&post=6361"}],"curies":[{"name":"wp","href":"https:\/\/api.w.org\/{rel}","templated":true}]}}