{"id":6356,"date":"2019-04-30T18:53:02","date_gmt":"2019-04-30T18:53:02","guid":{"rendered":"http:\/\/noticiasrec.com\/?p=6356"},"modified":"2019-04-30T18:53:02","modified_gmt":"2019-04-30T18:53:02","slug":"ojos-en-alerta-comenzara-a-funcionar-en-coronel-rosales","status":"publish","type":"post","link":"https:\/\/noticiasrec.com\/?p=6356","title":{"rendered":"\u00abOjos en Alerta\u00bb comenzar\u00e1 a funcionar en Coronel Rosales"},"content":{"rendered":"\n<p>\n\nEl intendente de San Miguel, Jaime M\u00e9ndez, se reuni\u00f3 esta ma\u00f1ana con el ministro de Gobierno de la Provincia, Joaqu\u00edn de la Torre, y&nbsp;el jefe comunal de Coronel Rosales, Mariano Uset,&nbsp;para firmar un convenio de colaboraci\u00f3n a fin de implementar el programa \u00abOjos en Alerta\u00bb en este municipio del sudoeste de la Provincia.<br>A trav\u00e9s de este programa los vecinos se pueden comunicar de forma directa con el Centro de Operaciones Municipal (COM), para alertar sobre emergencias o hechos de inseguridad. Al utilizar WhatsApp, permite otros recursos que no tienen los llamados telef\u00f3nicos, como audios, fotos, videos e incluso la propia ubicaci\u00f3n, convirtiendo al celular en un bot\u00f3n antip\u00e1nico.<\/p>\n\n\n\n<p>\u00abOjos en Alerta\u00bb surgi\u00f3 en San Miguel y est\u00e1 empezando a ser replicado en distintos municipios de la provincia de Buenos Aires, como es el caso de Escobar y Pinamar, entre otros.<\/p>\n\n\n\n<p>\u201cEsto es utilizar la tecnolog\u00eda que ya est\u00e1 al alcance del usuario y que tiene todo el d\u00eda en la mano. Me parece que esta es la clave del sistema, y nos sumamos para poder dar respuesta a esa prevenci\u00f3n oportuna antes de que se convierta en un delito\u00bb, reflexion\u00f3 el jefe comunal de Coronel Rosales.<\/p>\n\n\n\n<p>Por su parte, Jaime M\u00e9ndez destac\u00f3 que&nbsp;\u00abEs un proyecto que comenzamos en 2016, como una prueba piloto con s\u00f3lo algunos remiseros, colectiveros y comerciantes. Hoy contamos con m\u00e1s de 20 mil vecinos inscriptos y es una gran satisfacci\u00f3n poder compartirlo con otros municipios\u00bb.\n\n<\/p>\n","protected":false},"excerpt":{"rendered":"<p>El intendente de San Miguel, Jaime M\u00e9ndez, se reuni\u00f3 esta ma\u00f1ana con el ministro de..<\/p>\n","protected":false},"author":2,"featured_media":6358,"comment_status":"open","ping_status":"open","sticky":false,"template":"","format":"standard","meta":{"footnotes":""},"categories":[3,8],"tags":[289,55,167,290,252,57],"class_list":["post-6356","post","type-post","status-publish","format-standard","has-post-thumbnail","hentry","category-municipios","category-san-miguel","tag-coronel-rosales","tag-jaime-mendez","tag-joaquin-de-la-torre","tag-mariano-uset","tag-ojos-en-alerta","tag-san-miguel"],"_links":{"self":[{"href":"https:\/\/noticiasrec.com\/index.php?rest_route=\/wp\/v2\/posts\/6356","targetHints":{"allow":["GET"]}}],"collection":[{"href":"https:\/\/noticiasrec.com\/index.php?rest_route=\/wp\/v2\/posts"}],"about":[{"href":"https:\/\/noticiasrec.com\/index.php?rest_route=\/wp\/v2\/types\/post"}],"author":[{"embeddable":true,"href":"https:\/\/noticiasrec.com\/index.php?rest_route=\/wp\/v2\/users\/2"}],"replies":[{"embeddable":true,"href":"https:\/\/noticiasrec.com\/index.php?rest_route=%2Fwp%2Fv2%2Fcomments&post=6356"}],"version-history":[{"count":1,"href":"https:\/\/noticiasrec.com\/index.php?rest_route=\/wp\/v2\/posts\/6356\/revisions"}],"predecessor-version":[{"id":6359,"href":"https:\/\/noticiasrec.com\/index.php?rest_route=\/wp\/v2\/posts\/6356\/revisions\/6359"}],"wp:featuredmedia":[{"embeddable":true,"href":"https:\/\/noticiasrec.com\/index.php?rest_route=\/wp\/v2\/media\/6358"}],"wp:attachment":[{"href":"https:\/\/noticiasrec.com\/index.php?rest_route=%2Fwp%2Fv2%2Fmedia&parent=6356"}],"wp:term":[{"taxonomy":"category","embeddable":true,"href":"https:\/\/noticiasrec.com\/index.php?rest_route=%2Fwp%2Fv2%2Fcategories&post=6356"},{"taxonomy":"post_tag","embeddable":true,"href":"https:\/\/noticiasrec.com\/index.php?rest_route=%2Fwp%2Fv2%2Ftags&post=6356"}],"curies":[{"name":"wp","href":"https:\/\/api.w.org\/{rel}","templated":true}]}}