{"id":6336,"date":"2019-04-26T21:04:55","date_gmt":"2019-04-26T21:04:55","guid":{"rendered":"http:\/\/noticiasrec.com\/?p=6336"},"modified":"2019-04-26T21:04:55","modified_gmt":"2019-04-26T21:04:55","slug":"pilar-molina-sale-a-mostrar-el-plan-de-seguridad-para-el-distrito","status":"publish","type":"post","link":"https:\/\/noticiasrec.com\/?p=6336","title":{"rendered":"Pilar: Molina sale a mostrar el plan de seguridad para el distrito"},"content":{"rendered":"\n<p>El edil recorri\u00f3 la base local de Gendarmer\u00eda, invitado por su jefe Juan Carlos G\u00f3mez, para interiorizarse del trabajo que viene realizando la fuerza en los barrios del distrito contra la inseguridad.<\/p>\n\n\n\n<p>\u201cEstamos convencidos que el trabajo en conjunto de las fuerzas de seguridad federales, provinciales y locales permitir\u00e1 combatir el delito que azota Pilar\u201d, dijo el precandidato a intendente.<\/p>\n\n\n\n<p>Desde Gendarmer\u00eda, se\u00f1alaron desde el entorno de Molina, &nbsp;\u201cindicaron que ser\u00eda muy bueno tener gente de la fuerza trabajando permanentemente en el Centro de Operaciones Municipal lo cual acelerar\u00eda las actuaciones y el seguimiento que puede tener una fuerza federal sobre algunos delitos\u201d.<\/p>\n\n\n\n<p>Con el objeto de poner en funcionamiento un Plan Integral de Seguridad, Molina inform\u00f3 que en el caso de ser elegido jefe comunal apunta a implementar \u201cpuestos de 24 horas con servicios de emergencias en punto estrat\u00e9gicos del distrito para lograr una llegada m\u00e1s r\u00e1pida y directa\u201d.<\/p>\n\n\n\n<p>\u201cLa aplicaci\u00f3n inmediata de nuevas tecnolog\u00edas, incorporaci\u00f3n de GPS a los m\u00f3viles policiales y m\u00f3viles de ayuda policial. Y la creaci\u00f3n de un Sistema Integrado Inteligente. El mejoramiento y ampliaci\u00f3n de los sistemas de c\u00e1maras de seguridad, ya que el actual sistema es insuficiente. Tendr\u00e1 una implementaci\u00f3n inmediata hasta alcanzar en total 600 c\u00e1maras. Se ordenar\u00e1n la ubicaci\u00f3n de c\u00e1maras de seguridad, creando un cerco anti-vand\u00e1lico \u2013 delictivo, para de forma organizada y monitoreada tener un control total del territorio\u201d, a\u00f1adieron desde el equipo de Seguridad del edil.<\/p>\n\n\n\n<p>La idea de Molina, adem\u00e1s, es ampliar el Centro de Monitoreo Municipal, incrementando la cantidad de operadores a 230, los cuales estar\u00e1n abocados a monitorear las 24 horas las c\u00e1maras de seguridad, descentraliz\u00e1ndolas en diferentes localidades, adem\u00e1s de adicionar c\u00e1maras de los comercios, empresas, countries y barrios cerrados que graban en v\u00eda p\u00fablica.<br><\/p>\n\n\n\n<p>El exsenador provincial, adem\u00e1s, propuso reflotar los extintos Foros Vecinales de Seguridad, \u201cpara fomentar la participaci\u00f3n y control ciudadano con la polic\u00eda\u201d, al tiempo que se firmar\u00e1 un convenio con empresas de seguridad privada \u201cpara coordinar acciones de prevenci\u00f3n en v\u00eda p\u00fablica\u201d.<\/p>\n\n\n\n<p>En lo judicial, Molina expuso que de ser intendente gestionar\u00e1 la descentralizaci\u00f3n de las fiscal\u00edas para acercar a justicia a los vecinos.<\/p>\n\n\n\n<p>\u201cProponemos una distribuci\u00f3n estrat\u00e9gica de las Unidades Funcionales de Instrucci\u00f3n (UFI), en cuatro localidades; Pilar Centro, Del Viso, Derqui y Villa Rosa\u201d, proyect\u00f3 Molina.<\/p>\n\n\n\n<p>\u201cCon esta descentralizaci\u00f3n, se acercar\u00e1 \u00a0la justicia a los vecinos, a los investigadores a los lugares del delito, facilitar\u00e1 la gesti\u00f3n de las denuncias penal a las v\u00edctimas y aumentar\u00e1 el contacto entre las Fiscal\u00edas, las Comisar\u00edas y los Destacamentos\u201d, a\u00f1adieron desde el equipo de Molina.<\/p>\n\n\n\n<p>Fuente: Diario Pilar de Todos <\/p>\n","protected":false},"excerpt":{"rendered":"<p>El edil recorri\u00f3 la base local de Gendarmer\u00eda, invitado por su jefe Juan Carlos G\u00f3mez,..<\/p>\n","protected":false},"author":2,"featured_media":6337,"comment_status":"open","ping_status":"open","sticky":false,"template":"","format":"standard","meta":{"footnotes":""},"categories":[11,4],"tags":[275,276,26,277],"class_list":["post-6336","post","type-post","status-publish","format-standard","has-post-thumbnail","hentry","category-pilar","category-politica","tag-gendarmeria","tag-molina","tag-pilar","tag-plan-de-seguridad"],"_links":{"self":[{"href":"https:\/\/noticiasrec.com\/index.php?rest_route=\/wp\/v2\/posts\/6336","targetHints":{"allow":["GET"]}}],"collection":[{"href":"https:\/\/noticiasrec.com\/index.php?rest_route=\/wp\/v2\/posts"}],"about":[{"href":"https:\/\/noticiasrec.com\/index.php?rest_route=\/wp\/v2\/types\/post"}],"author":[{"embeddable":true,"href":"https:\/\/noticiasrec.com\/index.php?rest_route=\/wp\/v2\/users\/2"}],"replies":[{"embeddable":true,"href":"https:\/\/noticiasrec.com\/index.php?rest_route=%2Fwp%2Fv2%2Fcomments&post=6336"}],"version-history":[{"count":1,"href":"https:\/\/noticiasrec.com\/index.php?rest_route=\/wp\/v2\/posts\/6336\/revisions"}],"predecessor-version":[{"id":6338,"href":"https:\/\/noticiasrec.com\/index.php?rest_route=\/wp\/v2\/posts\/6336\/revisions\/6338"}],"wp:featuredmedia":[{"embeddable":true,"href":"https:\/\/noticiasrec.com\/index.php?rest_route=\/wp\/v2\/media\/6337"}],"wp:attachment":[{"href":"https:\/\/noticiasrec.com\/index.php?rest_route=%2Fwp%2Fv2%2Fmedia&parent=6336"}],"wp:term":[{"taxonomy":"category","embeddable":true,"href":"https:\/\/noticiasrec.com\/index.php?rest_route=%2Fwp%2Fv2%2Fcategories&post=6336"},{"taxonomy":"post_tag","embeddable":true,"href":"https:\/\/noticiasrec.com\/index.php?rest_route=%2Fwp%2Fv2%2Ftags&post=6336"}],"curies":[{"name":"wp","href":"https:\/\/api.w.org\/{rel}","templated":true}]}}