{"id":6279,"date":"2019-03-26T19:40:41","date_gmt":"2019-03-26T19:40:41","guid":{"rendered":"http:\/\/noticiasrec.com\/?p=6279"},"modified":"2019-03-26T19:40:41","modified_gmt":"2019-03-26T19:40:41","slug":"intendente-de-cambiemos-recibio-a-deudores-de-creditos-uva-desesperados-por-aumento-de-cuotas","status":"publish","type":"post","link":"https:\/\/noticiasrec.com\/?p=6279","title":{"rendered":"Intendente de Cambiemos recibi\u00f3 a deudores de cr\u00e9ditos UVA desesperados por aumento de cuotas"},"content":{"rendered":"<p>El Intendente de Trenque Lauquen, Miguel Fern\u00e1ndez, fue el primero de toda la provincia de Buenos Aires en recibir a vecinos autoconvocados por los cr\u00e9ditos UVA. El jefe comunal de Cambiemos manifest\u00f3 su apoyo a las familias del colectivo y se comprometi\u00f3 a contribuir en la obtenci\u00f3n de soluciones urgentes para los afectados por el aumento significativo de las cuotas.<\/p>\n<p>\u00abSomos un colectivo de Trenque Lauquen que nos autoconvocamos luego de encontrar a otros vecinos organizados en La Plata. Nucleamos a las familias tomadoras de los cr\u00e9ditos hipotecarios UVA e intentamos visibilizar nuestra problem\u00e1tica. Ya presentamos notas en el municipio y en el Concejo Deliberante\u00bb, cont\u00f3 a LaNoticia1.com Pamela, una de las vecinas afectadas.  <\/p>\n<p>\u00abLa primera respuesta que recibimos fue la del Intendente Miguel Fern\u00e1ndez que nos llam\u00f3 de inmediato al recibir nuestra carta. Este lunes recibi\u00f3 a 6 representantes de nuestro grupo en su despacho, donde tuvimos una reuni\u00f3n muy amena y positiva\u00bb, cont\u00f3 la mujer, quien asegur\u00f3 que el alcalde \u00abse comprometi\u00f3 a buscar soluciones para las familias afectadas\u00bb.  <\/p>\n<p>\u00ab\u00c9l se solidariz\u00f3 con el momento que est\u00e1bamos pasando y nos confes\u00f3 que a\u00f1os atr\u00e1s hab\u00eda sufrido una situaci\u00f3n similar con una l\u00ednea de pr\u00e9stamos que hab\u00eda tomado y que por eso estaba dispuesto a ayudarnos\u00bb, cont\u00f3 Pamela, quien detall\u00f3 que el jefe comunal adelant\u00f3 que esta semana se reunir\u00e1 con el viceministro de Hacienda, Miguel Braun, para buscar una soluci\u00f3n. <\/p>\n<p>De acuerdo a lo que detall\u00f3 la activista, \u00ablos casos de Trenque Lauquen son muy particulares, cada familia est\u00e1 en una situaci\u00f3n distinta y hay algunos deudores que ya est\u00e1n en una situaci\u00f3n bastante cr\u00edtica\u00bb. Pamela remarc\u00f3 que a tan solo tres semanas de haberse organizado en la ciudad, \u00abya son 70 las familias que se sumaron al grupo\u00bb y \u00abtodos los d\u00edas aparecen nuevos integrantes\u00bb.<\/p>\n<p>Por otra parte, la representante del colectivo de Trenque Lauquen precis\u00f3 que ahora aguardar\u00e1n la convocatoria de los concejales luego del pedido de audiencia presentado en el Concejo Deliberante. \u00abEs muy probable que los gerentes de los bancos no se presenten, m\u00e1s all\u00e1 de nuestro pedido. Sabemos que ellos tienen una bajada de l\u00ednea de defender esta l\u00ednea de cr\u00e9ditos\u00bb, indic\u00f3.     <\/p>\n<p>\u00abSabemos muy bien que ellos tienen la orden de defender a muerte estos pr\u00e9stamos porque a las entidades bancarias les est\u00e1 resultando s\u00faper redituables y necesitan que no salten problemas para poder seguir vendiendo esta l\u00ednea\u00bb, manifest\u00f3 la vecina, quien adelant\u00f3 que con el grupo de daminificados ya se encuentran \u00abplanificando nuevas medidas de protesta\u00bb.<\/p>\n","protected":false},"excerpt":{"rendered":"<p>El Intendente de Trenque Lauquen, Miguel Fern\u00e1ndez, fue el primero de toda la provincia de..<\/p>\n","protected":false},"author":2,"featured_media":6280,"comment_status":"open","ping_status":"open","sticky":false,"template":"","format":"standard","meta":{"footnotes":""},"categories":[3,2,5],"tags":[273,269,270,272,271,268],"class_list":["post-6279","post","type-post","status-publish","format-standard","has-post-thumbnail","hentry","category-municipios","category-provincia","category-sociedad","tag-aumento","tag-cambiemos","tag-creditos-uva","tag-cuotas","tag-desesperados","tag-intendente"],"_links":{"self":[{"href":"https:\/\/noticiasrec.com\/index.php?rest_route=\/wp\/v2\/posts\/6279","targetHints":{"allow":["GET"]}}],"collection":[{"href":"https:\/\/noticiasrec.com\/index.php?rest_route=\/wp\/v2\/posts"}],"about":[{"href":"https:\/\/noticiasrec.com\/index.php?rest_route=\/wp\/v2\/types\/post"}],"author":[{"embeddable":true,"href":"https:\/\/noticiasrec.com\/index.php?rest_route=\/wp\/v2\/users\/2"}],"replies":[{"embeddable":true,"href":"https:\/\/noticiasrec.com\/index.php?rest_route=%2Fwp%2Fv2%2Fcomments&post=6279"}],"version-history":[{"count":1,"href":"https:\/\/noticiasrec.com\/index.php?rest_route=\/wp\/v2\/posts\/6279\/revisions"}],"predecessor-version":[{"id":6281,"href":"https:\/\/noticiasrec.com\/index.php?rest_route=\/wp\/v2\/posts\/6279\/revisions\/6281"}],"wp:featuredmedia":[{"embeddable":true,"href":"https:\/\/noticiasrec.com\/index.php?rest_route=\/wp\/v2\/media\/6280"}],"wp:attachment":[{"href":"https:\/\/noticiasrec.com\/index.php?rest_route=%2Fwp%2Fv2%2Fmedia&parent=6279"}],"wp:term":[{"taxonomy":"category","embeddable":true,"href":"https:\/\/noticiasrec.com\/index.php?rest_route=%2Fwp%2Fv2%2Fcategories&post=6279"},{"taxonomy":"post_tag","embeddable":true,"href":"https:\/\/noticiasrec.com\/index.php?rest_route=%2Fwp%2Fv2%2Ftags&post=6279"}],"curies":[{"name":"wp","href":"https:\/\/api.w.org\/{rel}","templated":true}]}}