{"id":6263,"date":"2019-03-26T18:49:16","date_gmt":"2019-03-26T18:49:16","guid":{"rendered":"http:\/\/noticiasrec.com\/?p=6263"},"modified":"2019-03-26T18:49:16","modified_gmt":"2019-03-26T18:49:16","slug":"nardini-visito-la-construccion-del-nuevo-polo-de-seguridad-junto-a-comerciantes-de-malvinas-argentinas","status":"publish","type":"post","link":"https:\/\/noticiasrec.com\/?p=6263","title":{"rendered":"Nardini visit\u00f3 la construcci\u00f3n del nuevo polo de seguridad junto a comerciantes de Malvinas Argentinas"},"content":{"rendered":"<p>El intendente de Malvinas Argentinas, Leo Nardini, visit\u00f3 el nuevo Polo de Seguridad que se est\u00e1 construyendo en el predio ubicado en la ex Ruta 197 y Yatasto, en la localidad de Ing. Pablo Nogu\u00e9s. Lo hizo junto a comerciantes de las distintas localidades del distrito con quienes recorri\u00f3 los futuros edificios de Gendarmer\u00eda Nacional Argentina, Defensa Civil y Emergencias y el Centro de Operaciones Municipal (COM).<\/p>\n<p>El jefe comunal afirm\u00f3: \u201cEstamos junto a comerciantes y representantes de instituciones intermedias, mostr\u00e1ndoles los avances de obra y el compromiso que asumimos hace un a\u00f1o para que esto se realice. Les explicamos que ten\u00edamos dos caminos: alquilar un lugar y generar m\u00e1s gastos a futuro o generar un lugar propio proyectando un Polo de Seguridad que va a complementar en lo que respecta a la prevenci\u00f3n, seg\u00fan lo que va pidiendo el vecino de Malvinas Argentinas\u201d.<\/p>\n<p>Los nuevos edificios se construyen en lo que era un descampado, con el objetivo de fortalecer la seguridad en el distrito. \u201cSe quedaron muy contentos porque los hacemos part\u00edcipes de lo que estamos desarrollando, teniendo en cuenta que esto se hace entre todos. Esta construcci\u00f3n nos da la posibilidad de poder ampliar la red de c\u00e1maras, el \u00e1rea de Defensa Civil que es tan importante y trabajan en conjunto cuando hay una problem\u00e1tica en alg\u00fan barrio con los bomberos y el espacio de Gendarmer\u00eda, algo que no tiene casi nadie en el Conurbano Bonaerense y nosotros elegimos trabajar en pos de que las fuerzas de seguridad se puedan quedar en Malvinas\u201d, asegur\u00f3 Nardini.<\/p>\n<p>Aurelio Osl\u00e9, reconocido comerciante de Malvinas Argentinas, puntualiz\u00f3: \u201cEste tipo de obras nos llena de orgullo y esperanza. La parte que m\u00e1s me impresion\u00f3 fue la del Centro de Monitoreo que permitir\u00e1 triplicar la cantidad de c\u00e1maras que actualmente tiene el Municipio. Nos pone al top de los municipios de la Provincia\u201d.<\/p>\n<p>Por su parte, Carlos Sarkis, como secretario y representante de la Cooperativa Telef\u00f3nica de Grand Bourg, dijo que \u201cde esto tenemos que estar orgullosos todos. Es parte de las obras que no se ven y es importante porque hace a la seguridad. Con la situaci\u00f3n actual del pa\u00eds, que se puedan desarrollar estas obras, es espectacular\u201d.<\/p>\n<p>\u201cCuando anunciamos algo cumplimos, hay un Estado comunal que desarrolla m\u00e1s all\u00e1 de la adversidad econ\u00f3mica, tratamos de esforzarnos para materializar el trabajo y que sea una realidad. La idea es que todos hablen, no de m\u00ed, sino del Estado municipal que se ocupa de cumplir con la proyecci\u00f3n de obras. Malvinas sigue avanzando y de eso participa la comunidad en su conjunto\u201d, finaliz\u00f3 el intendente.<\/p>\n","protected":false},"excerpt":{"rendered":"<p>El intendente de Malvinas Argentinas, Leo Nardini, visit\u00f3 el nuevo Polo de Seguridad que se..<\/p>\n","protected":false},"author":2,"featured_media":6264,"comment_status":"open","ping_status":"open","sticky":false,"template":"","format":"standard","meta":{"footnotes":""},"categories":[9,3],"tags":[17,52,256],"class_list":["post-6263","post","type-post","status-publish","format-standard","has-post-thumbnail","hentry","category-malvinas-argentinas","category-municipios","tag-malvinas-argentinas","tag-nardini","tag-nuevo-polo-de-seguridad"],"_links":{"self":[{"href":"https:\/\/noticiasrec.com\/index.php?rest_route=\/wp\/v2\/posts\/6263","targetHints":{"allow":["GET"]}}],"collection":[{"href":"https:\/\/noticiasrec.com\/index.php?rest_route=\/wp\/v2\/posts"}],"about":[{"href":"https:\/\/noticiasrec.com\/index.php?rest_route=\/wp\/v2\/types\/post"}],"author":[{"embeddable":true,"href":"https:\/\/noticiasrec.com\/index.php?rest_route=\/wp\/v2\/users\/2"}],"replies":[{"embeddable":true,"href":"https:\/\/noticiasrec.com\/index.php?rest_route=%2Fwp%2Fv2%2Fcomments&post=6263"}],"version-history":[{"count":1,"href":"https:\/\/noticiasrec.com\/index.php?rest_route=\/wp\/v2\/posts\/6263\/revisions"}],"predecessor-version":[{"id":6265,"href":"https:\/\/noticiasrec.com\/index.php?rest_route=\/wp\/v2\/posts\/6263\/revisions\/6265"}],"wp:featuredmedia":[{"embeddable":true,"href":"https:\/\/noticiasrec.com\/index.php?rest_route=\/wp\/v2\/media\/6264"}],"wp:attachment":[{"href":"https:\/\/noticiasrec.com\/index.php?rest_route=%2Fwp%2Fv2%2Fmedia&parent=6263"}],"wp:term":[{"taxonomy":"category","embeddable":true,"href":"https:\/\/noticiasrec.com\/index.php?rest_route=%2Fwp%2Fv2%2Fcategories&post=6263"},{"taxonomy":"post_tag","embeddable":true,"href":"https:\/\/noticiasrec.com\/index.php?rest_route=%2Fwp%2Fv2%2Ftags&post=6263"}],"curies":[{"name":"wp","href":"https:\/\/api.w.org\/{rel}","templated":true}]}}