{"id":6105,"date":"2018-12-14T13:13:09","date_gmt":"2018-12-14T13:13:09","guid":{"rendered":"http:\/\/noticiasrec.com\/?p=6105"},"modified":"2018-12-14T13:15:23","modified_gmt":"2018-12-14T13:15:23","slug":"cierre-de-las-actividades-desarrolladas-durante-todo-el-ano-del-programa-ser-celiaco-hoy-de-jpse-c-paz","status":"publish","type":"post","link":"https:\/\/noticiasrec.com\/?p=6105","title":{"rendered":"Cierre de las actividades desarrolladas durante todo el a\u00f1o del programa \u00ab\u00bbSer Cel\u00edaco Hoy\u00bb de Jos\u00e9 C. Paz"},"content":{"rendered":"<p>Realizamos el cierre de las actividades desarrolladas durante todo el a\u00f1o del programa municipal \u00ab\u00bbSer Cel\u00edaco Hoy\u00bb<\/p>\n<p>Este programa se lleva adelante para contribuir a garantizar la seguridad alimentaria a personas en condiciones de vulnerabilidad social que por diferentes patolog\u00edas necesitan asistencia alimentaria especial<\/p>\n<p>Se culmin\u00f3 el a\u00f1o con el proyecto creado desde la Direcci\u00f3n de Servicios a la Comunidad; en el marco del Programa de Asistencia Alimentaria del paciente Cel\u00edaco (P.A.A.C.), proveniente del Ministerio de Desarrollo Social Bonaerense.<\/p>\n<p>En la intendencia Mario Ishii el \u00e1rea municipal atiende diariamente a m\u00e1s de 250 #personas #cel\u00edacas, el sistema de la comuna los incluye y les ense\u00f1a a cocinar Sin TACC.<\/p>\n<p>La jornada se llev\u00f3 a cabo el 6 de #diciembre, en La Casona del Barrio Alfonsina Storni de Jos\u00e9CPaz, calle Arias 3.500. Estuvieron presentes la Secretaria de Desarrollo Social Yolanda Barboza, la Directora de Servicios a la Comunidad Elsa Ib\u00e1\u00f1ez y los beneficiarios del programa PAAC <\/p>\n","protected":false},"excerpt":{"rendered":"<p>Realizamos el cierre de las actividades desarrolladas durante todo el a\u00f1o del programa municipal \u00ab\u00bbSer..<\/p>\n","protected":false},"author":2,"featured_media":6106,"comment_status":"open","ping_status":"open","sticky":false,"template":"","format":"standard","meta":{"footnotes":""},"categories":[10,3,19],"tags":[],"class_list":["post-6105","post","type-post","status-publish","format-standard","has-post-thumbnail","hentry","category-jose-c-paz","category-municipios","category-salud"],"_links":{"self":[{"href":"https:\/\/noticiasrec.com\/index.php?rest_route=\/wp\/v2\/posts\/6105","targetHints":{"allow":["GET"]}}],"collection":[{"href":"https:\/\/noticiasrec.com\/index.php?rest_route=\/wp\/v2\/posts"}],"about":[{"href":"https:\/\/noticiasrec.com\/index.php?rest_route=\/wp\/v2\/types\/post"}],"author":[{"embeddable":true,"href":"https:\/\/noticiasrec.com\/index.php?rest_route=\/wp\/v2\/users\/2"}],"replies":[{"embeddable":true,"href":"https:\/\/noticiasrec.com\/index.php?rest_route=%2Fwp%2Fv2%2Fcomments&post=6105"}],"version-history":[{"count":2,"href":"https:\/\/noticiasrec.com\/index.php?rest_route=\/wp\/v2\/posts\/6105\/revisions"}],"predecessor-version":[{"id":6109,"href":"https:\/\/noticiasrec.com\/index.php?rest_route=\/wp\/v2\/posts\/6105\/revisions\/6109"}],"wp:featuredmedia":[{"embeddable":true,"href":"https:\/\/noticiasrec.com\/index.php?rest_route=\/wp\/v2\/media\/6106"}],"wp:attachment":[{"href":"https:\/\/noticiasrec.com\/index.php?rest_route=%2Fwp%2Fv2%2Fmedia&parent=6105"}],"wp:term":[{"taxonomy":"category","embeddable":true,"href":"https:\/\/noticiasrec.com\/index.php?rest_route=%2Fwp%2Fv2%2Fcategories&post=6105"},{"taxonomy":"post_tag","embeddable":true,"href":"https:\/\/noticiasrec.com\/index.php?rest_route=%2Fwp%2Fv2%2Ftags&post=6105"}],"curies":[{"name":"wp","href":"https:\/\/api.w.org\/{rel}","templated":true}]}}