{"id":6004,"date":"2018-10-23T19:08:11","date_gmt":"2018-10-23T19:08:11","guid":{"rendered":"http:\/\/noticiasrec.com\/?p=6004"},"modified":"2018-10-23T19:08:11","modified_gmt":"2018-10-23T19:08:11","slug":"joaquin-de-la-torre-critico-con-el-gobierno-nacional-por-el-presupuesto","status":"publish","type":"post","link":"https:\/\/noticiasrec.com\/?p=6004","title":{"rendered":"Joaquin De La Torre cr\u00edtico con el gobierno nacional por el presupuesto"},"content":{"rendered":"<p>Aunque todav\u00eda no se defini\u00f3 el presupuesto 2019, el ministro de Gobierno bonaerense, Joaqu\u00edn De la Torre, dej\u00f3 en claro las tensiones y las diferencias con el gobierno nacional al asegurar que \u201ces un error pol\u00edtico dejar a la provincia con menos dinero del que corresponde\u201d.<\/p>\n<p>En este sentido, el funcionario aclar\u00f3 que \u201cno es razonable que el dinero que generan los bonaerenses se reparta entre los gobernadores\u201d y explico que la mayor\u00eda de la plata que pagan los habitantes de Buenos Aires se va al resto de las provincias.<\/p>\n<p>\u201cEs una injusticia pol\u00edtica\u201d de parte de la administraci\u00f3n nacional \u201cdejar a la provincia con menos dinero\u201d, se quej\u00f3 De la Torre.<\/p>\n<p>\u201cNo es razonable que al dinero que generan los bonaerenses lo reparta el ministro del Interior con los gobernadores a espaldas de la provincia\u201d, lanz\u00f3 el funcionario recargado.<\/p>\n<p>Cabe destacar que el reparto de los recursos se complejiza con discusi\u00f3n en torno al Fondo del Conurbano y la quita de subsidios al transporte.<\/p>\n","protected":false},"excerpt":{"rendered":"<p>Aunque todav\u00eda no se defini\u00f3 el presupuesto 2019, el ministro de Gobierno bonaerense, Joaqu\u00edn De..<\/p>\n","protected":false},"author":2,"featured_media":6005,"comment_status":"open","ping_status":"open","sticky":false,"template":"","format":"standard","meta":{"footnotes":""},"categories":[51,31,2],"tags":[],"class_list":["post-6004","post","type-post","status-publish","format-standard","has-post-thumbnail","hentry","category-economia","category-nacionales","category-provincia"],"_links":{"self":[{"href":"https:\/\/noticiasrec.com\/index.php?rest_route=\/wp\/v2\/posts\/6004","targetHints":{"allow":["GET"]}}],"collection":[{"href":"https:\/\/noticiasrec.com\/index.php?rest_route=\/wp\/v2\/posts"}],"about":[{"href":"https:\/\/noticiasrec.com\/index.php?rest_route=\/wp\/v2\/types\/post"}],"author":[{"embeddable":true,"href":"https:\/\/noticiasrec.com\/index.php?rest_route=\/wp\/v2\/users\/2"}],"replies":[{"embeddable":true,"href":"https:\/\/noticiasrec.com\/index.php?rest_route=%2Fwp%2Fv2%2Fcomments&post=6004"}],"version-history":[{"count":1,"href":"https:\/\/noticiasrec.com\/index.php?rest_route=\/wp\/v2\/posts\/6004\/revisions"}],"predecessor-version":[{"id":6006,"href":"https:\/\/noticiasrec.com\/index.php?rest_route=\/wp\/v2\/posts\/6004\/revisions\/6006"}],"wp:featuredmedia":[{"embeddable":true,"href":"https:\/\/noticiasrec.com\/index.php?rest_route=\/wp\/v2\/media\/6005"}],"wp:attachment":[{"href":"https:\/\/noticiasrec.com\/index.php?rest_route=%2Fwp%2Fv2%2Fmedia&parent=6004"}],"wp:term":[{"taxonomy":"category","embeddable":true,"href":"https:\/\/noticiasrec.com\/index.php?rest_route=%2Fwp%2Fv2%2Fcategories&post=6004"},{"taxonomy":"post_tag","embeddable":true,"href":"https:\/\/noticiasrec.com\/index.php?rest_route=%2Fwp%2Fv2%2Ftags&post=6004"}],"curies":[{"name":"wp","href":"https:\/\/api.w.org\/{rel}","templated":true}]}}