{"id":5868,"date":"2018-08-22T22:07:42","date_gmt":"2018-08-22T22:07:42","guid":{"rendered":"http:\/\/noticiasrec.com\/?p=5868"},"modified":"2018-08-22T22:07:42","modified_gmt":"2018-08-22T22:07:42","slug":"hospital-cardiovascular-y-metabolico-de-jose-c-paz-nuevo-angiografo","status":"publish","type":"post","link":"https:\/\/noticiasrec.com\/?p=5868","title":{"rendered":"Hospital Cardiovascular y Metab\u00f3lico de Jos\u00e9 C. Paz: Nuevo angi\u00f3grafo"},"content":{"rendered":"<p>Con la firme premisa del Intendente Mario Ishii de continuar revolucionando la\u00a0<a class=\"_58cn\" href=\"https:\/\/www.facebook.com\/hashtag\/salud?source=feed_text\" data-ft=\"{&quot;tn&quot;:&quot;*N&quot;,&quot;type&quot;:104}\"><span class=\"_5afx\"><span class=\"_58cl _5afz\" aria-label=\"hashtag\">#<\/span><span class=\"_58cm\">salud<\/span><\/span><\/a>, ya est\u00e1 en preparaci\u00f3n para ser utilizado el mega\u00a0<a class=\"_58cn\" href=\"https:\/\/www.facebook.com\/hashtag\/equipo?source=feed_text\" data-ft=\"{&quot;tn&quot;:&quot;*N&quot;,&quot;type&quot;:104}\"><span class=\"_5afx\"><span class=\"_58cl _5afz\" aria-label=\"hashtag\">#<\/span><span class=\"_58cm\">Equipo<\/span><\/span><\/a>\u00a0<a class=\"_58cn\" href=\"https:\/\/www.facebook.com\/hashtag\/angi%C3%B3grafo?source=feed_text\" data-ft=\"{&quot;tn&quot;:&quot;*N&quot;,&quot;type&quot;:104}\"><span class=\"_5afx\"><span class=\"_58cl _5afz\" aria-label=\"hashtag\">#<\/span><span class=\"_58cm\">Angi\u00f3grafo<\/span><\/span><\/a>, de \u00faltima generaci\u00f3n en el\u00a0<a class=\"_58cn\" href=\"https:\/\/www.facebook.com\/hashtag\/hospital?source=feed_text\" data-ft=\"{&quot;tn&quot;:&quot;*N&quot;,&quot;type&quot;:104}\"><span class=\"_5afx\"><span class=\"_58cl _5afz\" aria-label=\"hashtag\">#<\/span><span class=\"_58cm\">Hospital<\/span><\/span><\/a>\u00a0de Emergencias M\u00e9dicas Cardiovascular y Metab\u00f3lico \u201cMiguel \u00b4Maca\u00b4 Bulj\u00e1n\u201d de\u00a0<a class=\"_58cn\" href=\"https:\/\/www.facebook.com\/hashtag\/jos%C3%A9cpaz?source=feed_text\" data-ft=\"{&quot;tn&quot;:&quot;*N&quot;,&quot;type&quot;:104}\"><span class=\"_5afx\"><span class=\"_58cl _5afz\" aria-label=\"hashtag\">#<\/span><span class=\"_58cm\">Jos\u00e9CPaz<\/span><\/span><\/a>.<\/p>\n<p>En este gran equipo entre sus detalles t\u00e9cnicos una adecuada planificaci\u00f3n y construcci\u00f3n de la sala juega un papel importante en la calidad de imagen y la confiabilidad d<span class=\"text_exposed_show\">e su equipo de hemodinamia, este equipo tiene sistema Digital DLX, posicionador montado en el piso, contiene tabla angiogr\u00e1fica, con consola de operadores Advantx, intensificadores de imagen trimodo de nueve pulgadas, alta frecuencia, monitores de televisi\u00f3n General Electric de 20 \u00bb que se ajusta autom\u00e1ticamente a las condiciones de luz ambiental, sistema de c\u00e1mara de TV de doble l\u00ednea de velocidad, muy alta resoluci\u00f3n, imagen progresiva, estaci\u00f3n de grabaci\u00f3n\/ visualizaci\u00f3n de CD DICOM.<\/span><\/p>\n<div class=\"text_exposed_show\">\n<p>En el hospital funciona un amplio\u00a0<a class=\"_58cn\" href=\"https:\/\/www.facebook.com\/hashtag\/gimnasio?source=feed_text\" data-ft=\"{&quot;tn&quot;:&quot;*N&quot;,&quot;type&quot;:104}\"><span class=\"_5afx\"><span class=\"_58cl _5afz\" aria-label=\"hashtag\">#<\/span><span class=\"_58cm\">gimnasio<\/span><\/span><\/a>\u00a0de rehabilitaci\u00f3n cardiovascular donde los pacientes pueden tratarse confortablemente, encontr\u00e1ndose con un espacio amplio y sonido sereno para un ambiente de relajaci\u00f3n.<\/p>\n<p>&nbsp;<\/p>\n<\/div>\n","protected":false},"excerpt":{"rendered":"<p>Con la firme premisa del Intendente Mario Ishii de continuar revolucionando la\u00a0#salud, ya est\u00e1 en..<\/p>\n","protected":false},"author":2,"featured_media":5869,"comment_status":"open","ping_status":"open","sticky":false,"template":"","format":"standard","meta":{"footnotes":""},"categories":[10,3,19],"tags":[],"class_list":["post-5868","post","type-post","status-publish","format-standard","has-post-thumbnail","hentry","category-jose-c-paz","category-municipios","category-salud"],"_links":{"self":[{"href":"https:\/\/noticiasrec.com\/index.php?rest_route=\/wp\/v2\/posts\/5868","targetHints":{"allow":["GET"]}}],"collection":[{"href":"https:\/\/noticiasrec.com\/index.php?rest_route=\/wp\/v2\/posts"}],"about":[{"href":"https:\/\/noticiasrec.com\/index.php?rest_route=\/wp\/v2\/types\/post"}],"author":[{"embeddable":true,"href":"https:\/\/noticiasrec.com\/index.php?rest_route=\/wp\/v2\/users\/2"}],"replies":[{"embeddable":true,"href":"https:\/\/noticiasrec.com\/index.php?rest_route=%2Fwp%2Fv2%2Fcomments&post=5868"}],"version-history":[{"count":1,"href":"https:\/\/noticiasrec.com\/index.php?rest_route=\/wp\/v2\/posts\/5868\/revisions"}],"predecessor-version":[{"id":5870,"href":"https:\/\/noticiasrec.com\/index.php?rest_route=\/wp\/v2\/posts\/5868\/revisions\/5870"}],"wp:featuredmedia":[{"embeddable":true,"href":"https:\/\/noticiasrec.com\/index.php?rest_route=\/wp\/v2\/media\/5869"}],"wp:attachment":[{"href":"https:\/\/noticiasrec.com\/index.php?rest_route=%2Fwp%2Fv2%2Fmedia&parent=5868"}],"wp:term":[{"taxonomy":"category","embeddable":true,"href":"https:\/\/noticiasrec.com\/index.php?rest_route=%2Fwp%2Fv2%2Fcategories&post=5868"},{"taxonomy":"post_tag","embeddable":true,"href":"https:\/\/noticiasrec.com\/index.php?rest_route=%2Fwp%2Fv2%2Ftags&post=5868"}],"curies":[{"name":"wp","href":"https:\/\/api.w.org\/{rel}","templated":true}]}}