{"id":5751,"date":"2018-06-27T10:38:00","date_gmt":"2018-06-27T10:38:00","guid":{"rendered":"http:\/\/noticiasrec.com\/?p=5751"},"modified":"2018-06-27T10:38:08","modified_gmt":"2018-06-27T10:38:08","slug":"el-municipio-de-jose-c-paz-adquirio-equipamiento-por-nacion-leasing","status":"publish","type":"post","link":"https:\/\/noticiasrec.com\/?p=5751","title":{"rendered":"El Municipio de Jos\u00e9 C. Paz adquiri\u00f3 equipamiento por Naci\u00f3n Leasing"},"content":{"rendered":"<p>El Intendente de\u00a0<a class=\"_58cn\" href=\"https:\/\/www.facebook.com\/hashtag\/jos%C3%A9cpaz?source=feed_text\" data-ft=\"{&quot;tn&quot;:&quot;*N&quot;,&quot;type&quot;:104}\"><span class=\"_5afx\"><span class=\"_58cl _5afz\" aria-label=\"numeral\">#<\/span><span class=\"_58cm\">Jos\u00e9CPaz<\/span><\/span><\/a>, Mario Ishii, junto a\u00a0<a class=\"_58cn\" href=\"https:\/\/www.facebook.com\/hashtag\/naci%C3%B3nleasing?source=feed_text\" data-ft=\"{&quot;tn&quot;:&quot;*N&quot;,&quot;type&quot;:104}\"><span class=\"_5afx\"><span class=\"_58cl _5afz\" aria-label=\"numeral\">#<\/span><span class=\"_58cm\">Naci\u00f3nLeasing<\/span><\/span><\/a>\u00a0firm\u00f3 contratos de compra para adquirir bienes que mejorar\u00e1n los\u00a0<a class=\"_58cn\" href=\"https:\/\/www.facebook.com\/hashtag\/servicios?source=feed_text\" data-ft=\"{&quot;tn&quot;:&quot;*N&quot;,&quot;type&quot;:104}\"><span class=\"_5afx\"><span class=\"_58cl _5afz\" aria-label=\"numeral\">#<\/span><span class=\"_58cm\">servicios<\/span><\/span><\/a>p\u00fablicos del\u00a0<a class=\"_58cn\" href=\"https:\/\/www.facebook.com\/hashtag\/municipio?source=feed_text\" data-ft=\"{&quot;tn&quot;:&quot;*N&quot;,&quot;type&quot;:104}\"><span class=\"_5afx\"><span class=\"_58cl _5afz\" aria-label=\"numeral\">#<\/span><span class=\"_58cm\">municipio<\/span><\/span><\/a>.<\/p>\n<p>Estos equipamientos ser\u00e1n destinados a la Secretar\u00eda de Obras municipal.<\/p>\n<p>En este caso las maquinarias que ser\u00e1n adquiridas son:<\/p>\n<p>Compactadores neum\u00e1ticos<\/p>\n<p>Martillos hidr\u00e1ulicos<\/p>\n<p>Rodillos compactadores<\/p>\n<p>Terminadoras<\/p>\n<p>Zanjadoras<\/p>\n<p>De esta forma se ver\u00e1 optimizada la tarea de obras y de servicio p\u00fablico que lleva adelante el Municipio de Jos\u00e9 C. Paz en los distinto barrios del distrito.<\/p>\n","protected":false},"excerpt":{"rendered":"<p>El Intendente de\u00a0#Jos\u00e9CPaz, Mario Ishii, junto a\u00a0#Naci\u00f3nLeasing\u00a0firm\u00f3 contratos de compra para adquirir bienes que mejorar\u00e1n..<\/p>\n","protected":false},"author":2,"featured_media":5752,"comment_status":"open","ping_status":"open","sticky":false,"template":"","format":"standard","meta":{"footnotes":""},"categories":[10,3],"tags":[],"class_list":["post-5751","post","type-post","status-publish","format-standard","has-post-thumbnail","hentry","category-jose-c-paz","category-municipios"],"_links":{"self":[{"href":"https:\/\/noticiasrec.com\/index.php?rest_route=\/wp\/v2\/posts\/5751","targetHints":{"allow":["GET"]}}],"collection":[{"href":"https:\/\/noticiasrec.com\/index.php?rest_route=\/wp\/v2\/posts"}],"about":[{"href":"https:\/\/noticiasrec.com\/index.php?rest_route=\/wp\/v2\/types\/post"}],"author":[{"embeddable":true,"href":"https:\/\/noticiasrec.com\/index.php?rest_route=\/wp\/v2\/users\/2"}],"replies":[{"embeddable":true,"href":"https:\/\/noticiasrec.com\/index.php?rest_route=%2Fwp%2Fv2%2Fcomments&post=5751"}],"version-history":[{"count":2,"href":"https:\/\/noticiasrec.com\/index.php?rest_route=\/wp\/v2\/posts\/5751\/revisions"}],"predecessor-version":[{"id":5754,"href":"https:\/\/noticiasrec.com\/index.php?rest_route=\/wp\/v2\/posts\/5751\/revisions\/5754"}],"wp:featuredmedia":[{"embeddable":true,"href":"https:\/\/noticiasrec.com\/index.php?rest_route=\/wp\/v2\/media\/5752"}],"wp:attachment":[{"href":"https:\/\/noticiasrec.com\/index.php?rest_route=%2Fwp%2Fv2%2Fmedia&parent=5751"}],"wp:term":[{"taxonomy":"category","embeddable":true,"href":"https:\/\/noticiasrec.com\/index.php?rest_route=%2Fwp%2Fv2%2Fcategories&post=5751"},{"taxonomy":"post_tag","embeddable":true,"href":"https:\/\/noticiasrec.com\/index.php?rest_route=%2Fwp%2Fv2%2Ftags&post=5751"}],"curies":[{"name":"wp","href":"https:\/\/api.w.org\/{rel}","templated":true}]}}