{"id":5657,"date":"2018-05-21T22:16:20","date_gmt":"2018-05-21T22:16:20","guid":{"rendered":"http:\/\/noticiasrec.com\/?p=5657"},"modified":"2018-05-21T22:16:20","modified_gmt":"2018-05-21T22:16:20","slug":"nardini-y-vidal-recorrieron-el-centro-municipal-de-estudios-de-malvinas-argentinas","status":"publish","type":"post","link":"https:\/\/noticiasrec.com\/?p=5657","title":{"rendered":"Nardini y Vidal recorrieron el Centro Municipal de Estudios de Malvinas Argentinas"},"content":{"rendered":"<p class=\"x_MsoNormal\"><span lang=\"ES\">\u00a0Minutos antes de las 10 de la ma\u00f1ana de este d\u00eda lunes, el intendente Leo Nardini recibi\u00f3 en la Ciudad de Grand Bourg a la gobernadora de la Provincia de Buenos Aires, Mar\u00eda Eugenia Vidal, y recorrieron las instalaciones del recientemente inaugurado Centro Municipal de Estudios, un espacio donde los vecinos pueden capacitarse en m\u00e1s de 20 cursos y oficios de manera gratuita.<\/span><\/p>\n<p class=\"x_MsoNormal\"><span lang=\"ES\">Nardini y Vidal ingresaron a cada aula del centro y dialogaron con los profesores y alumnos de los talleres. \u201c\u00a1Qu\u00e9 ampli\u00f3 y lindo lugar!\u201d fueron las primeras palabras de la gobernadora. Por su parte, Nardini se manifest\u00f3 \u201ccontento de poder hacer esta recorrida institucional junto a la gobernadora y poder mostrarle el trabajo que viene desarrollando Malvinas para seguir fortaleciendo la inclusi\u00f3n a trav\u00e9s de la formaci\u00f3n y los oficios\u201d.<\/span><\/p>\n<p class=\"x_MsoNormal\"><span lang=\"ES\">Antes de la foto final con todo el equipo, Nardini y Vidal se reunieron en privado junto al subsecretario de Asuntos Municipales de la Provincia, Alex Campbell, y al senador provincial, Luis Vivona. Durante esa reuni\u00f3n que mantuvieron por 50 minutos se trataron temas de inter\u00e9s municipal y provincial haciendo \u00e9nfasis en las pol\u00edticas de seguridad y fortalecimiento de programas en relaci\u00f3n, como as\u00ed tambi\u00e9n sobre el Sistema de Salud de Malvinas Argentinas que actualmente es un pilar sanitario para la regi\u00f3n y atiende 2 millones 500 mil consultas anuales.<\/span><\/p>\n<p class=\"x_MsoNormal\"><span lang=\"ES\">\u201cHablamos de temas que nos preocupan a todos como bonaerenses y malvinenses\u201d asegur\u00f3 Nardini, y puntualiz\u00f3: \u201cSeguridad, salud, educaci\u00f3n, de acuerdo a diferentes problem\u00e1ticas que vamos viendo, de las que somos conscientes y hay que trabajarlas en conjunto en pos de la sociedad, no desde un sector pol\u00edtico u otro, o cuando viene una elecci\u00f3n. Cuando uno gobierna tiene responsabilidad de hacerlo para todos, para que la gente est\u00e9 mejor\u201d.<\/span><\/p>\n<p class=\"x_MsoNormal\"><span lang=\"ES\">El Centro Municipal de Estudios de Malvinas Argentinas cuenta con 13 aulas donde se desarrollan 25 comisiones de cursos y oficios, y est\u00e1 ubicado en la calle Gral. Soler entre Batalla de Maip\u00fa y Paso de los Andes, en la ciudad de Grand Bourg. Entre los cursos se encuentran panader\u00eda, reposter\u00eda, cocina, ayudante de pasteler\u00eda, carpinter\u00eda, auxiliar mec\u00e1nico automotor, herrer\u00eda, corte y confecci\u00f3n, modista por talle, peluquer\u00eda unisex, cosmetolog\u00eda, manicura, refrigeraci\u00f3n dom\u00e9stica, reparaci\u00f3n de electrodom\u00e9sticos, autocad, operador inform\u00e1tico y operaci\u00f3n de PC.<\/span><\/p>\n<p>&nbsp;<\/p>\n","protected":false},"excerpt":{"rendered":"<p>\u00a0Minutos antes de las 10 de la ma\u00f1ana de este d\u00eda lunes, el intendente Leo..<\/p>\n","protected":false},"author":2,"featured_media":5659,"comment_status":"open","ping_status":"open","sticky":false,"template":"","format":"standard","meta":{"footnotes":""},"categories":[25,9,3],"tags":[227,228,53,17,226],"class_list":["post-5657","post","type-post","status-publish","format-standard","has-post-thumbnail","hentry","category-educacion","category-malvinas-argentinas","category-municipios","tag-centro-municipal-de-estudios","tag-gobernadora","tag-grand-bourg","tag-malvinas-argentinas","tag-nardini-y-vidal"],"_links":{"self":[{"href":"https:\/\/noticiasrec.com\/index.php?rest_route=\/wp\/v2\/posts\/5657","targetHints":{"allow":["GET"]}}],"collection":[{"href":"https:\/\/noticiasrec.com\/index.php?rest_route=\/wp\/v2\/posts"}],"about":[{"href":"https:\/\/noticiasrec.com\/index.php?rest_route=\/wp\/v2\/types\/post"}],"author":[{"embeddable":true,"href":"https:\/\/noticiasrec.com\/index.php?rest_route=\/wp\/v2\/users\/2"}],"replies":[{"embeddable":true,"href":"https:\/\/noticiasrec.com\/index.php?rest_route=%2Fwp%2Fv2%2Fcomments&post=5657"}],"version-history":[{"count":1,"href":"https:\/\/noticiasrec.com\/index.php?rest_route=\/wp\/v2\/posts\/5657\/revisions"}],"predecessor-version":[{"id":5660,"href":"https:\/\/noticiasrec.com\/index.php?rest_route=\/wp\/v2\/posts\/5657\/revisions\/5660"}],"wp:featuredmedia":[{"embeddable":true,"href":"https:\/\/noticiasrec.com\/index.php?rest_route=\/wp\/v2\/media\/5659"}],"wp:attachment":[{"href":"https:\/\/noticiasrec.com\/index.php?rest_route=%2Fwp%2Fv2%2Fmedia&parent=5657"}],"wp:term":[{"taxonomy":"category","embeddable":true,"href":"https:\/\/noticiasrec.com\/index.php?rest_route=%2Fwp%2Fv2%2Fcategories&post=5657"},{"taxonomy":"post_tag","embeddable":true,"href":"https:\/\/noticiasrec.com\/index.php?rest_route=%2Fwp%2Fv2%2Ftags&post=5657"}],"curies":[{"name":"wp","href":"https:\/\/api.w.org\/{rel}","templated":true}]}}