{"id":5632,"date":"2018-05-10T19:55:35","date_gmt":"2018-05-10T19:55:35","guid":{"rendered":"http:\/\/noticiasrec.com\/?p=5632"},"modified":"2018-05-10T19:55:35","modified_gmt":"2018-05-10T19:55:35","slug":"cambian-el-uniforme-de-la-policia-local-por-uno-similiar-al-de-los-efectivos-de-la-bonaerense","status":"publish","type":"post","link":"https:\/\/noticiasrec.com\/?p=5632","title":{"rendered":"Cambian el uniforme de la Polic\u00eda Local por uno similiar al de los efectivos de la Bonaerense"},"content":{"rendered":"<p>Desaparece el color celeste de las camisas y pantalones, excepto en las boinas. Tendr\u00e1n el escudo bordado\u00a0de la Superintendencia de la Polic\u00eda de Seguridad Local y el de la provincia en las mangas de la camisa.<\/p>\n<p>La medida se tom\u00f3 a trav\u00e9s de una resoluci\u00f3n en la que se informa a la conducci\u00f3n de la fuerza de proximidad, a que, \u00aba partir de la recepci\u00f3n del Presente, se deber\u00e1 autorizar el\u00a0<strong>inmediato cambio del uniforme<\/strong>\u00a0de trabajo de la Polic\u00eda de Seguridad local\u00bb, sin el caracter\u00edstico celeste suave que los caracteriza hasta hoy.<\/p>\n<p>Las prendas componentes del uniforme de trabajo en el\u00a0<strong>per\u00edodo estival<\/strong>\u00a0ser\u00e1 una<strong>\u00a0camisa manga corta color azul<\/strong>, con emblema institucional en formato de brazo en manga izquierda.<\/p>\n<p>La misma deber\u00e1 tener el emblema institucional\u00a0en formato de brazo de fondo negro, con\u00a0<strong>escudo bordado de la provincia de Buenos Aires<\/strong>, conteniendo inscripci\u00f3n \u00abProvincia de Buenos Aires\u00bb, en forma de semic\u00edrculo en arco superior. Sobre parte inferior, la<strong>\u00a0inscripci\u00f3n \u00abpolic\u00eda\u00bb<\/strong>\u00a0en l\u00ednea recta. Ambas en color plateado y\u00a0se colocar\u00e1 en manga izquierda, seg\u00fan lo informado.<\/p>\n<p>En tanto el\u00a0<strong>emblema de la Superintendencia estar\u00e1\u00a0en manga derecha<\/strong>\u00a0escudo bordado identificatorio de la superintendencia de la Polic\u00eda de Seguridad Local<\/p>\n<p>Por su parte, el\u00a0<strong>pantal\u00f3n ser\u00e1 estilo\u00a0bombacha color azul y la boina seguir\u00e1 siendo de pa\u00f1o de color celeste<\/strong>. Tambi\u00e9n deber\u00e1n llevar las insignias\u00a0de grado con fondo azul (tipo r\u00edgidas) para hombrera, el correaje\u00a0de fibra sint\u00e9tica, compuesto por cinto, pistolera, porta cargador doble, porta esposas, porta tahali, porta linterna, porta llaves, porta handie y\u00a0porta tonfa (uso exclusivo para quien tenga aprobado el curso correspondiente).<\/p>\n<p>En cuanto a las prendas componentes del uniforme de trabajo\u00a0<strong>periodo invernal\u00a0<\/strong>ser\u00e1 id\u00e9ntico a lo\u00a0anterior, con el agregado de<strong>\u00a0garibaldina color azul, largo a la cadera, con los mismos detalles que la camisa.<\/strong><\/p>\n","protected":false},"excerpt":{"rendered":"<p>Desaparece el color celeste de las camisas y pantalones, excepto en las boinas. Tendr\u00e1n el..<\/p>\n","protected":false},"author":2,"featured_media":5633,"comment_status":"open","ping_status":"open","sticky":false,"template":"","format":"standard","meta":{"footnotes":""},"categories":[18,2],"tags":[210,213,214,212,211],"class_list":["post-5632","post","type-post","status-publish","format-standard","has-post-thumbnail","hentry","category-policiales","category-provincia","tag-bonaerense","tag-cambian","tag-cambio-del-uniforme","tag-policia-local","tag-uniforme"],"_links":{"self":[{"href":"https:\/\/noticiasrec.com\/index.php?rest_route=\/wp\/v2\/posts\/5632","targetHints":{"allow":["GET"]}}],"collection":[{"href":"https:\/\/noticiasrec.com\/index.php?rest_route=\/wp\/v2\/posts"}],"about":[{"href":"https:\/\/noticiasrec.com\/index.php?rest_route=\/wp\/v2\/types\/post"}],"author":[{"embeddable":true,"href":"https:\/\/noticiasrec.com\/index.php?rest_route=\/wp\/v2\/users\/2"}],"replies":[{"embeddable":true,"href":"https:\/\/noticiasrec.com\/index.php?rest_route=%2Fwp%2Fv2%2Fcomments&post=5632"}],"version-history":[{"count":1,"href":"https:\/\/noticiasrec.com\/index.php?rest_route=\/wp\/v2\/posts\/5632\/revisions"}],"predecessor-version":[{"id":5634,"href":"https:\/\/noticiasrec.com\/index.php?rest_route=\/wp\/v2\/posts\/5632\/revisions\/5634"}],"wp:featuredmedia":[{"embeddable":true,"href":"https:\/\/noticiasrec.com\/index.php?rest_route=\/wp\/v2\/media\/5633"}],"wp:attachment":[{"href":"https:\/\/noticiasrec.com\/index.php?rest_route=%2Fwp%2Fv2%2Fmedia&parent=5632"}],"wp:term":[{"taxonomy":"category","embeddable":true,"href":"https:\/\/noticiasrec.com\/index.php?rest_route=%2Fwp%2Fv2%2Fcategories&post=5632"},{"taxonomy":"post_tag","embeddable":true,"href":"https:\/\/noticiasrec.com\/index.php?rest_route=%2Fwp%2Fv2%2Ftags&post=5632"}],"curies":[{"name":"wp","href":"https:\/\/api.w.org\/{rel}","templated":true}]}}