{"id":5586,"date":"2018-04-26T19:52:52","date_gmt":"2018-04-26T19:52:52","guid":{"rendered":"http:\/\/noticiasrec.com\/?p=5586"},"modified":"2018-04-26T19:52:52","modified_gmt":"2018-04-26T19:52:52","slug":"lorenzino-hizo-lugar-a-la-presentacion-de-ishii","status":"publish","type":"post","link":"https:\/\/noticiasrec.com\/?p=5586","title":{"rendered":"Lorenzino hizo lugar a la presentaci\u00f3n de Ishii"},"content":{"rendered":"<p>A partir del pedido que el intendente de Jos\u00e9 C. Paz, Mario Ishii, realiz\u00f3 ante la Defensor\u00eda del Pueblo de la Provincia para que la Tarifa Social Federal sea aplicada a todas las entidades de bien p\u00fablico, y que se deje sin efecto las boletas emitidas con los \u00faltimos aumentos; el defensor del Pueblo, Guido Lorenzino Matta, hizo lugar a la presentaci\u00f3n.<\/p>\n<p>Tras ello le solicit\u00f3 al intendente que le env\u00ede un listado con las instituciones afectadas por el llamado \u201ctarifazo\u201d.<\/p>\n<p>El Municipio entreg\u00f3 a la Defensor\u00eda el informe con la rapidez que impone la gravedad del tema. Es que se calcula que el 10% de los bonaerenses, alrededor de 1.700.000, en su mayor\u00eda chicos y adolescentes, asisten a las m\u00e1s de 9.000 entidades de bien p\u00fablico que act\u00faan en los 135 distritos bonaerenses.<\/p>\n<p>La preocupaci\u00f3n de Ishii no se limita a su distrito, su inquietud es por todas las instituciones que act\u00faan en los 135 distritos -en la que viven 17 millones de bonaerenses- que no cuentan con el dinero necesario para pagar los fuertes aumentos.<\/p>\n<p>\u201cSon miles las instituciones civiles en donde se practica deporte, actividades culturales. Por lo tanto, son la punta de lanza de una estrategia que mantiene a salvo a nuestros chicos al alejarlos de las calles. Asfixiarlas econ\u00f3micamente con los tarifazos es no tener idea de la importancia que tienen\u201d, dijo.<\/p>\n<p>\u201c\u00bfA d\u00f3nde van a ir los pibes que hacen actividades, alg\u00fan deporte o se recrean en los clubes e instituciones barriales cuando salgan del colegio este invierno? Los chicos terminar\u00e1n junt\u00e1ndose en la calle, con todo el riesgo que esto implica, porque la calle es peligrosa\u201d, advirti\u00f3 Ishii.<\/p>\n","protected":false},"excerpt":{"rendered":"<p>A partir del pedido que el intendente de Jos\u00e9 C. Paz, Mario Ishii, realiz\u00f3 ante..<\/p>\n","protected":false},"author":2,"featured_media":5587,"comment_status":"open","ping_status":"open","sticky":false,"template":"","format":"standard","meta":{"footnotes":""},"categories":[51,10,2],"tags":[208,209,190,207,206,191],"class_list":["post-5586","post","type-post","status-publish","format-standard","has-post-thumbnail","hentry","category-economia","category-jose-c-paz","category-provincia","tag-defensoria-del-pueblo","tag-instituciones-barriales","tag-ishii","tag-lorenzino","tag-presentacion","tag-tarifa-social-federal"],"_links":{"self":[{"href":"https:\/\/noticiasrec.com\/index.php?rest_route=\/wp\/v2\/posts\/5586","targetHints":{"allow":["GET"]}}],"collection":[{"href":"https:\/\/noticiasrec.com\/index.php?rest_route=\/wp\/v2\/posts"}],"about":[{"href":"https:\/\/noticiasrec.com\/index.php?rest_route=\/wp\/v2\/types\/post"}],"author":[{"embeddable":true,"href":"https:\/\/noticiasrec.com\/index.php?rest_route=\/wp\/v2\/users\/2"}],"replies":[{"embeddable":true,"href":"https:\/\/noticiasrec.com\/index.php?rest_route=%2Fwp%2Fv2%2Fcomments&post=5586"}],"version-history":[{"count":1,"href":"https:\/\/noticiasrec.com\/index.php?rest_route=\/wp\/v2\/posts\/5586\/revisions"}],"predecessor-version":[{"id":5588,"href":"https:\/\/noticiasrec.com\/index.php?rest_route=\/wp\/v2\/posts\/5586\/revisions\/5588"}],"wp:featuredmedia":[{"embeddable":true,"href":"https:\/\/noticiasrec.com\/index.php?rest_route=\/wp\/v2\/media\/5587"}],"wp:attachment":[{"href":"https:\/\/noticiasrec.com\/index.php?rest_route=%2Fwp%2Fv2%2Fmedia&parent=5586"}],"wp:term":[{"taxonomy":"category","embeddable":true,"href":"https:\/\/noticiasrec.com\/index.php?rest_route=%2Fwp%2Fv2%2Fcategories&post=5586"},{"taxonomy":"post_tag","embeddable":true,"href":"https:\/\/noticiasrec.com\/index.php?rest_route=%2Fwp%2Fv2%2Ftags&post=5586"}],"curies":[{"name":"wp","href":"https:\/\/api.w.org\/{rel}","templated":true}]}}