{"id":5573,"date":"2018-04-24T19:36:54","date_gmt":"2018-04-24T19:36:54","guid":{"rendered":"http:\/\/noticiasrec.com\/?p=5573"},"modified":"2018-04-24T19:36:54","modified_gmt":"2018-04-24T19:36:54","slug":"inscripciones-y-censo-para-entidades-religiosas-de-jose-c-paz","status":"publish","type":"post","link":"https:\/\/noticiasrec.com\/?p=5573","title":{"rendered":"Inscripciones y censo para entidades religiosas de Jos\u00e9 C. Paz"},"content":{"rendered":"<p>La Direcci\u00f3n General de Cultos, dependiente de la Secretar\u00eda de Gobierno municipal, inform\u00f3 acerca de los tr\u00e1mites que se deben realizar para inscribirse como iglesia o entidad religiosa en el partido pace\u00f1o.<\/p>\n<p>Como es de p\u00fablico conocimiento, desde hace casi dos a\u00f1os, la Direcci\u00f3n General de Cultos, est\u00e1 realizando CENSO RELIGIOSO para inscribir o reinscribir a todas las distintas entidades religiosas existentes en nuestro distrito de Jos\u00e9 C. Paz.<\/p>\n<p>Es por ello que el \u00e1rea de cultos vuelve a recordar, a todos aquellos que a\u00fan no lo han hecho, que se acerquen a la Direcci\u00f3n General de Cultos en el predio del Palacio Municipal (Avda. Gaspar Campos 6151 Casa N\u00b0 4 &#8211; arriba de IOMA), de lunes a viernes, de 8:30 a 13 horas.<\/p>\n<p>Como es para actualizar los datos correspondientes, es que se solicita que se presenten los responsables de cada una de ellas o sus respectivos representantes, ya que hay datos que solo ellos pueden brindar.<\/p>\n<p>De esta manera se podr\u00e1 ubicarlos mejor y m\u00e1s r\u00e1pido cuando sea necesario y no, como en la \u00faltima convocatoria de Intendente Municipal,  Mario Alberto Ishii, en que algunos objetaron que no supieron de ello y que, justamente, se debi\u00f3 a que no se cuenta con sus datos.<\/p>\n","protected":false},"excerpt":{"rendered":"<p>La Direcci\u00f3n General de Cultos, dependiente de la Secretar\u00eda de Gobierno municipal, inform\u00f3 acerca de..<\/p>\n","protected":false},"author":2,"featured_media":5574,"comment_status":"open","ping_status":"open","sticky":false,"template":"","format":"standard","meta":{"footnotes":""},"categories":[10,3],"tags":[],"class_list":["post-5573","post","type-post","status-publish","format-standard","has-post-thumbnail","hentry","category-jose-c-paz","category-municipios"],"_links":{"self":[{"href":"https:\/\/noticiasrec.com\/index.php?rest_route=\/wp\/v2\/posts\/5573","targetHints":{"allow":["GET"]}}],"collection":[{"href":"https:\/\/noticiasrec.com\/index.php?rest_route=\/wp\/v2\/posts"}],"about":[{"href":"https:\/\/noticiasrec.com\/index.php?rest_route=\/wp\/v2\/types\/post"}],"author":[{"embeddable":true,"href":"https:\/\/noticiasrec.com\/index.php?rest_route=\/wp\/v2\/users\/2"}],"replies":[{"embeddable":true,"href":"https:\/\/noticiasrec.com\/index.php?rest_route=%2Fwp%2Fv2%2Fcomments&post=5573"}],"version-history":[{"count":1,"href":"https:\/\/noticiasrec.com\/index.php?rest_route=\/wp\/v2\/posts\/5573\/revisions"}],"predecessor-version":[{"id":5575,"href":"https:\/\/noticiasrec.com\/index.php?rest_route=\/wp\/v2\/posts\/5573\/revisions\/5575"}],"wp:featuredmedia":[{"embeddable":true,"href":"https:\/\/noticiasrec.com\/index.php?rest_route=\/wp\/v2\/media\/5574"}],"wp:attachment":[{"href":"https:\/\/noticiasrec.com\/index.php?rest_route=%2Fwp%2Fv2%2Fmedia&parent=5573"}],"wp:term":[{"taxonomy":"category","embeddable":true,"href":"https:\/\/noticiasrec.com\/index.php?rest_route=%2Fwp%2Fv2%2Fcategories&post=5573"},{"taxonomy":"post_tag","embeddable":true,"href":"https:\/\/noticiasrec.com\/index.php?rest_route=%2Fwp%2Fv2%2Ftags&post=5573"}],"curies":[{"name":"wp","href":"https:\/\/api.w.org\/{rel}","templated":true}]}}