{"id":5563,"date":"2018-04-17T23:08:57","date_gmt":"2018-04-17T23:08:57","guid":{"rendered":"http:\/\/noticiasrec.com\/?p=5563"},"modified":"2018-04-17T23:08:57","modified_gmt":"2018-04-17T23:08:57","slug":"ishii-pidio-la-tarifa-social-federal-a-instituciones-y-clubes-de-barrio-de-toda-la-provincia","status":"publish","type":"post","link":"https:\/\/noticiasrec.com\/?p=5563","title":{"rendered":"Ishii pidi\u00f3 la Tarifa Social Federal a instituciones y clubes de barrio de toda la Provincia"},"content":{"rendered":"<p>El intendente de Jos\u00e9 C. Paz, Mario Ishii, no tard\u00f3 en cumplir con su promesa de luchar contra los aumentos en las tarifas de servicios p\u00fablicos, especialmente contra las altas facturas que llegan por el consumo de electricidad y gas, tal como lo hab\u00eda anunciado en su discurso de apertura de sesiones del Concejo Deliberante de ese distrito.<\/p>\n<p>El viernes pasado, Ishii inici\u00f3 el tr\u00e1mite que lleva el n\u00famero de expediente 20344\/18, con el que le solicita al Defensor del Pueblo de la Provincia de Buenos Aires, Guido Lorenzino Matta, que en todo el territorio de la provincia de Buenos Aires se aplique la Tarifa Social Federal a instituciones, clubes e iglesias, y que se deje sin efecto las boletas emitidas con los aumentos.<\/p>\n<p>Este tipo de tarifa contempla el pago del 50% del valor de la electricidad y del 25% del precio del gas, lo cual ser\u00eda de mucha ayuda a este tipo de entidades que tienen una importante funci\u00f3n social y que atraviesan por situaciones econ\u00f3micas asfixiantes, ahora agravadas por los tarifazos en los servicios p\u00fablicos.<\/p>\n<p>\u201cCada recorrida que hago por un barrio es una lluvia de pedidos de los vecinos para que los ayude y frene el tarifazo\u201d, hab\u00eda subrayado Ishii cuando inaugur\u00f3 el nuevo a\u00f1o se sesiones.<\/p>\n<p>Pero su cruzada parece no limitarse al distrito de Jos\u00e9 C. Paz, sino que abarca a todo el territorio bonaerense.<\/p>\n<p>La solicitud presentada ante la Defensor\u00eda del Pueblo bonaerense, se fundamenta en que \u201cc\u00f3mo es sabido, es p\u00fablico y notorio los constantes aumentos en materia energ\u00e9tica, los mismo afectan a la sociedad toda produci\u00e9ndose un trasvasamiento de sus derechos los cuales se ven notoriamente afectados no s\u00f3lo por su car\u00e1cter confiscatorio, sino tambi\u00e9n por la necesidad y la importancia de dichos servicios fundamentales, como son tanto la electricidad y el gas.\u201d<\/p>\n<p>Y agrega que \u201cesta situaci\u00f3n afecta directamente a instituciones que tienen una funci\u00f3n social espec\u00edfica y determinada en la comunidad\u201d.      <\/p>\n<p>Ante esta fundamentaci\u00f3n y con una visi\u00f3n bonaerense el escrito culmina con el pedido de aplicar el cuadro tarifario social:  \u201cEs por eso que la presente tiene como objeto, no solo dejar sin efecto las boletas emitidas con tales aumentos sino que adem\u00e1s a dichas instituciones que cumplen una funci\u00f3n social espec\u00edfica y de ayuda al vecino, no solo del municipio que represento sino tambi\u00e9n de toda la Provincia de Buenos Aires, le sea aplicado el cuadro tarifario denominado como \u2018TARIFA SOCIAL FEDERAL\u2019\u201d.<\/p>\n<p>El intendente de Jos\u00e9 C. Paz, Mario Ishii, no tard\u00f3 en cumplir con su promesa de luchar contra los aumentos en las tarifas de servicios p\u00fablicos, especialmente contra las altas facturas que llegan por el consumo de electricidad y gas, tal como lo hab\u00eda anunciado en su discurso de apertura de sesiones del Concejo Deliberante de ese distrito.<\/p>\n<p>El viernes pasado, Ishii inici\u00f3 el tr\u00e1mite que lleva el n\u00famero de expediente 20344\/18, con el que le solicita al Defensor del Pueblo de la Provincia de Buenos Aires, Guido Lorenzino Matta, que en todo el territorio de la provincia de Buenos Aires se aplique la Tarifa Social Federal a instituciones, clubes e iglesias, y que se deje sin efecto las boletas emitidas con los aumentos.<\/p>\n<p>Este tipo de tarifa contempla el pago del 50% del valor de la electricidad y del 25% del precio del gas, lo cual ser\u00eda de mucha ayuda a este tipo de entidades que tienen una importante funci\u00f3n social y que atraviesan por situaciones econ\u00f3micas asfixiantes, ahora agravadas por los tarifazos en los servicios p\u00fablicos.<\/p>\n<p>\u201cCada recorrida que hago por un barrio es una lluvia de pedidos de los vecinos para que los ayude y frene el tarifazo\u201d, hab\u00eda subrayado Ishii cuando inaugur\u00f3 el nuevo a\u00f1o se sesiones.<\/p>\n<p>Pero su cruzada parece no limitarse al distrito de Jos\u00e9 C. Paz, sino que abarca a todo el territorio bonaerense.<\/p>\n<p>La solicitud presentada ante la Defensor\u00eda del Pueblo bonaerense, se fundamenta en que \u201cc\u00f3mo es sabido, es p\u00fablico y notorio los constantes aumentos en materia energ\u00e9tica, los mismo afectan a la sociedad toda produci\u00e9ndose un trasvasamiento de sus derechos los cuales se ven notoriamente afectados no s\u00f3lo por su car\u00e1cter confiscatorio, sino tambi\u00e9n por la necesidad y la importancia de dichos servicios fundamentales, como son tanto la electricidad y el gas.\u201d<\/p>\n<p>Y agrega que \u201cesta situaci\u00f3n afecta directamente a instituciones que tienen una funci\u00f3n social espec\u00edfica y determinada en la comunidad\u201d.      <\/p>\n<p>Ante esta fundamentaci\u00f3n y con una visi\u00f3n bonaerense el escrito culmina con el pedido de aplicar el cuadro tarifario social:  \u201cEs por eso que la presente tiene como objeto, no solo dejar sin efecto las boletas emitidas con tales aumentos sino que adem\u00e1s a dichas instituciones que cumplen una funci\u00f3n social espec\u00edfica y de ayuda al vecino, no solo del municipio que represento sino tambi\u00e9n de toda la Provincia de Buenos Aires, le sea aplicado el cuadro tarifario denominado como \u2018TARIFA SOCIAL FEDERAL\u2019\u201d.<\/p>\n","protected":false},"excerpt":{"rendered":"<p>El intendente de Jos\u00e9 C. Paz, Mario Ishii, no tard\u00f3 en cumplir con su promesa..<\/p>\n","protected":false},"author":2,"featured_media":5564,"comment_status":"open","ping_status":"open","sticky":false,"template":"","format":"standard","meta":{"footnotes":""},"categories":[51,10,2],"tags":[192,194,190,60,193,191],"class_list":["post-5563","post","type-post","status-publish","format-standard","has-post-thumbnail","hentry","category-economia","category-jose-c-paz","category-provincia","tag-clubes-de-barrio","tag-defensoria-del-pueblo-bonaerense","tag-ishii","tag-jose-c-paz","tag-provincia","tag-tarifa-social-federal"],"_links":{"self":[{"href":"https:\/\/noticiasrec.com\/index.php?rest_route=\/wp\/v2\/posts\/5563","targetHints":{"allow":["GET"]}}],"collection":[{"href":"https:\/\/noticiasrec.com\/index.php?rest_route=\/wp\/v2\/posts"}],"about":[{"href":"https:\/\/noticiasrec.com\/index.php?rest_route=\/wp\/v2\/types\/post"}],"author":[{"embeddable":true,"href":"https:\/\/noticiasrec.com\/index.php?rest_route=\/wp\/v2\/users\/2"}],"replies":[{"embeddable":true,"href":"https:\/\/noticiasrec.com\/index.php?rest_route=%2Fwp%2Fv2%2Fcomments&post=5563"}],"version-history":[{"count":1,"href":"https:\/\/noticiasrec.com\/index.php?rest_route=\/wp\/v2\/posts\/5563\/revisions"}],"predecessor-version":[{"id":5565,"href":"https:\/\/noticiasrec.com\/index.php?rest_route=\/wp\/v2\/posts\/5563\/revisions\/5565"}],"wp:featuredmedia":[{"embeddable":true,"href":"https:\/\/noticiasrec.com\/index.php?rest_route=\/wp\/v2\/media\/5564"}],"wp:attachment":[{"href":"https:\/\/noticiasrec.com\/index.php?rest_route=%2Fwp%2Fv2%2Fmedia&parent=5563"}],"wp:term":[{"taxonomy":"category","embeddable":true,"href":"https:\/\/noticiasrec.com\/index.php?rest_route=%2Fwp%2Fv2%2Fcategories&post=5563"},{"taxonomy":"post_tag","embeddable":true,"href":"https:\/\/noticiasrec.com\/index.php?rest_route=%2Fwp%2Fv2%2Ftags&post=5563"}],"curies":[{"name":"wp","href":"https:\/\/api.w.org\/{rel}","templated":true}]}}