{"id":5551,"date":"2018-04-16T19:31:17","date_gmt":"2018-04-16T19:31:17","guid":{"rendered":"http:\/\/noticiasrec.com\/?p=5551"},"modified":"2018-04-16T19:31:17","modified_gmt":"2018-04-16T19:31:17","slug":"maria-eugenia-vidal-y-jaime-mendez-recorrieron-la-obra-hidraulica-los-berros","status":"publish","type":"post","link":"https:\/\/noticiasrec.com\/?p=5551","title":{"rendered":"Mar\u00eda Eugenia Vidal y Jaime M\u00e9ndez recorrieron la obra hidr\u00e1ulica Los Berros"},"content":{"rendered":"<p>Es un trabajo conjunto entre la Municipalidad de San Miguel y la Provincia de Buenos Aires que mejorar\u00e1 notablemente la calidad de vida de miles de vecinos.<\/p>\n<p>La gobernadora de la Provincia de Buenos Aires, Mar\u00eda Eugenia Vidal, y el intendente de San Miguel, Jaime M\u00e9ndez, supervisaron los avances de saneamiento y entubado del arroyo Los Berros.<\/p>\n<p>Es una obra hist\u00f3rica que mejorar\u00e1 notablemente la calidad de vida de miles de familias y permitir\u00e1 desarrollar esta zona del distrito con nuevos pavimentos y obras hidr\u00e1ulicas.<\/p>\n<p>Los trabajos comenzaron en la esquina de Blasco Ib\u00e1\u00f1ez y Av. Balb\u00edn y se extender\u00e1n hasta Arricau y Monteagudo, beneficiando a los barrios Manuelita, Don Alfonso, San Antonio y Parque San Miguel.<\/p>\n<p>Adem\u00e1s de conversar con vecinos y trabajadores de la obra, la Gobernadora y el Jefe Comunal tambi\u00e9n visitaron el jard\u00edn maternal 912, de barrio Manuelita.<\/p>\n<p>&nbsp;<iframe loading=\"lazy\" width=\"560\" height=\"315\" src=\"https:\/\/www.youtube.com\/embed\/6xeOzKtbc_8\" frameborder=\"0\" allow=\"autoplay; encrypted-media\" allowfullscreen><\/iframe><\/p>\n","protected":false},"excerpt":{"rendered":"<p>Es un trabajo conjunto entre la Municipalidad de San Miguel y la Provincia de Buenos..<\/p>\n","protected":false},"author":2,"featured_media":5552,"comment_status":"open","ping_status":"open","sticky":false,"template":"","format":"standard","meta":{"footnotes":""},"categories":[3,8],"tags":[189,133,55,187,188,57],"class_list":["post-5551","post","type-post","status-publish","format-standard","has-post-thumbnail","hentry","category-municipios","category-san-miguel","tag-gobernadora-de-la-provincia-de-buenos-aires","tag-intendente-de-san-miguel","tag-jaime-mendez","tag-maria-eugenia-vidal","tag-obra-hidraulica-los-berros","tag-san-miguel"],"_links":{"self":[{"href":"https:\/\/noticiasrec.com\/index.php?rest_route=\/wp\/v2\/posts\/5551","targetHints":{"allow":["GET"]}}],"collection":[{"href":"https:\/\/noticiasrec.com\/index.php?rest_route=\/wp\/v2\/posts"}],"about":[{"href":"https:\/\/noticiasrec.com\/index.php?rest_route=\/wp\/v2\/types\/post"}],"author":[{"embeddable":true,"href":"https:\/\/noticiasrec.com\/index.php?rest_route=\/wp\/v2\/users\/2"}],"replies":[{"embeddable":true,"href":"https:\/\/noticiasrec.com\/index.php?rest_route=%2Fwp%2Fv2%2Fcomments&post=5551"}],"version-history":[{"count":1,"href":"https:\/\/noticiasrec.com\/index.php?rest_route=\/wp\/v2\/posts\/5551\/revisions"}],"predecessor-version":[{"id":5553,"href":"https:\/\/noticiasrec.com\/index.php?rest_route=\/wp\/v2\/posts\/5551\/revisions\/5553"}],"wp:featuredmedia":[{"embeddable":true,"href":"https:\/\/noticiasrec.com\/index.php?rest_route=\/wp\/v2\/media\/5552"}],"wp:attachment":[{"href":"https:\/\/noticiasrec.com\/index.php?rest_route=%2Fwp%2Fv2%2Fmedia&parent=5551"}],"wp:term":[{"taxonomy":"category","embeddable":true,"href":"https:\/\/noticiasrec.com\/index.php?rest_route=%2Fwp%2Fv2%2Fcategories&post=5551"},{"taxonomy":"post_tag","embeddable":true,"href":"https:\/\/noticiasrec.com\/index.php?rest_route=%2Fwp%2Fv2%2Ftags&post=5551"}],"curies":[{"name":"wp","href":"https:\/\/api.w.org\/{rel}","templated":true}]}}