{"id":5531,"date":"2018-04-12T19:37:44","date_gmt":"2018-04-12T19:37:44","guid":{"rendered":"http:\/\/noticiasrec.com\/?p=5531"},"modified":"2018-04-12T19:37:44","modified_gmt":"2018-04-12T19:37:44","slug":"la-unpaz-distinguio-al-intendente-mario-a-ishii","status":"publish","type":"post","link":"https:\/\/noticiasrec.com\/?p=5531","title":{"rendered":"La UNPAZ distingui\u00f3 al Intendente Mario A. Ishii"},"content":{"rendered":"<p>La Universidad Nacional de Jos\u00e9 C. Paz entreg\u00f3 el t\u00edtulo de Doctor Honoris Causa al Intendente Mario Ishii por haber contribuido a la autonom\u00eda local y en la realizaci\u00f3n de acciones pol\u00edticas en pos del desarrollo de nuestro municipio y la regi\u00f3n.<\/p>\n<p>La ceremonia, encabezada por el rector Federico G. Thea, se llev\u00f3 a cabo en el sal\u00f3n auditorio \u201cPr\u00f3ceres Latinoamericanos\u201d y cont\u00f3 con la presencia de las autoridades de la UNPAZ, funcionarios provinciales y municipales, y destacadas personalidades del \u00e1mbito pol\u00edtico que han sido testigos de la trayectoria de Ishii.<\/p>\n<p>En el pronunciamiento de la laudatio, el rector Thea afirm\u00f3: \u201ccomo pace\u00f1o es un enorme privilegio poder realizar este homenaje, a un hombre que ha sido tan importante para el nacimiento y desarrollo de nuestro lugar, Jos\u00e9 C. Paz, de nuestra Universidad, la UNPAZ, y que a lo largo de toda su trayectoria pol\u00edtica se ha ocupado principalmente de proyectar de manera aut\u00f3noma, tanto nuestro presente como nuestro futuro; que se ha destacado por su capacidad de articulaci\u00f3n pol\u00edtica con todos los niveles de Gobierno, independientemente de las coyunturas y de los colores pol\u00edtico-partidarios, priorizando siempre la gesti\u00f3n a favor de los sectores m\u00e1s vulnerables; y que ya tiene el reconocimiento m\u00e1s importante al que un hombre p\u00fablico puede aspirar, que es el de su pueblo\u201d.<\/p>\n<p>Como parte de la ceremonia, el intendente Ishii ofreci\u00f3 una conferencia en la que record\u00f3 con afecto a quienes lo acompa\u00f1aron en el camino de pensar la universidad y la educaci\u00f3n como n\u00facleo fundamental del desarrollo local: \u201cMe siento muy contento, orgulloso y feliz de que mi pueblo me haya reconocido, en este caso a trav\u00e9s de la universidad con este Doctorado\u201d, fueron sus palabras iniciales.<\/p>\n<p>Tambi\u00e9n agradeci\u00f3 a su familia, amigos y colegas por el apoyo recibido a lo largo de sus gestiones en la administraci\u00f3n p\u00fablica.<\/p>\n<p>En relaci\u00f3n con el progreso obtenido durante sus a\u00f1os de gesti\u00f3n, habiendo asumido en Jos\u00e9 C. Paz en condiciones adversas, mencion\u00f3 a la educaci\u00f3n como puerta hacia el desarrollo: \u201csalir de ese estado fue gracias a la educaci\u00f3n que le dimos a nuestro pueblo con m\u00e1s de 50 escuelas y con esta universidad que nadie cre\u00eda posible en el distrito\u201d.<\/p>\n","protected":false},"excerpt":{"rendered":"<p>La Universidad Nacional de Jos\u00e9 C. Paz entreg\u00f3 el t\u00edtulo de Doctor Honoris Causa al..<\/p>\n","protected":false},"author":2,"featured_media":5532,"comment_status":"open","ping_status":"open","sticky":false,"template":"","format":"standard","meta":{"footnotes":""},"categories":[10,3],"tags":[179,60,178,182,181,180],"class_list":["post-5531","post","type-post","status-publish","format-standard","has-post-thumbnail","hentry","category-jose-c-paz","category-municipios","tag-doctor-honoris-causa","tag-jose-c-paz","tag-mario-a-ishii","tag-rector-federico-g-thea","tag-titulo","tag-unpaz"],"_links":{"self":[{"href":"https:\/\/noticiasrec.com\/index.php?rest_route=\/wp\/v2\/posts\/5531","targetHints":{"allow":["GET"]}}],"collection":[{"href":"https:\/\/noticiasrec.com\/index.php?rest_route=\/wp\/v2\/posts"}],"about":[{"href":"https:\/\/noticiasrec.com\/index.php?rest_route=\/wp\/v2\/types\/post"}],"author":[{"embeddable":true,"href":"https:\/\/noticiasrec.com\/index.php?rest_route=\/wp\/v2\/users\/2"}],"replies":[{"embeddable":true,"href":"https:\/\/noticiasrec.com\/index.php?rest_route=%2Fwp%2Fv2%2Fcomments&post=5531"}],"version-history":[{"count":1,"href":"https:\/\/noticiasrec.com\/index.php?rest_route=\/wp\/v2\/posts\/5531\/revisions"}],"predecessor-version":[{"id":5533,"href":"https:\/\/noticiasrec.com\/index.php?rest_route=\/wp\/v2\/posts\/5531\/revisions\/5533"}],"wp:featuredmedia":[{"embeddable":true,"href":"https:\/\/noticiasrec.com\/index.php?rest_route=\/wp\/v2\/media\/5532"}],"wp:attachment":[{"href":"https:\/\/noticiasrec.com\/index.php?rest_route=%2Fwp%2Fv2%2Fmedia&parent=5531"}],"wp:term":[{"taxonomy":"category","embeddable":true,"href":"https:\/\/noticiasrec.com\/index.php?rest_route=%2Fwp%2Fv2%2Fcategories&post=5531"},{"taxonomy":"post_tag","embeddable":true,"href":"https:\/\/noticiasrec.com\/index.php?rest_route=%2Fwp%2Fv2%2Ftags&post=5531"}],"curies":[{"name":"wp","href":"https:\/\/api.w.org\/{rel}","templated":true}]}}