{"id":5464,"date":"2018-03-21T22:06:10","date_gmt":"2018-03-21T22:06:10","guid":{"rendered":"http:\/\/noticiasrec.com\/?p=5464"},"modified":"2018-03-21T22:06:10","modified_gmt":"2018-03-21T22:06:10","slug":"actividad-por-el-dia-mundial-del-sindrome-de-down-en-malvinas-argentinas","status":"publish","type":"post","link":"https:\/\/noticiasrec.com\/?p=5464","title":{"rendered":"Actividad por el D\u00eda Mundial del S\u00edndrome de Down en Malvinas Argentinas"},"content":{"rendered":"<p>Cada 21 de marzo se conmemora en todo el mundo el D\u00eda Mundial del S\u00edndrome de Down, con el objetivo de fomentar la conciencia p\u00fablica y recordar la dignidad de estas personas y el aporte en la sociedad. Por este motivo, el municipio de Malvinas Argentinas, junto al Centro de D\u00eda San Jos\u00e9 de Ing. Pablo Nogu\u00e9s, organiz\u00f3 una muestra de actividades art\u00edsticas realizadas por chicos con dicho s\u00edndrome, quienes fueron recibidos por el intendente Leo Nardini.<\/p>\n<p>La exhibici\u00f3n de los trabajos se dio lugar en la planta baja del Palacio Municipal, donde tuvo muy buena recepci\u00f3n por parte de los vecinos y de los trabajadores de la estructura. Celeste Villacorta, directora de Discapacidad del distrito, dijo: \u00abHoy 21 de marzo es el D\u00eda Mundial del S\u00edndrome de Down y como siempre desde la Direcci\u00f3n de Discapacidad ac\u00e1 estamos, junto al Centro San Jos\u00e9 de Pablo Nogu\u00e9s, realizando una peque\u00f1a muestra de las actividades art\u00edsticas que ellos realizan\u201d.  <\/p>\n<p>Luego, Villacorta agreg\u00f3: \u201cRecorrimos las distintas \u00e1reas del municipio, es muy linda la recepci\u00f3n que tuvimos, en cada una de ellas nos recibieron con mucho cari\u00f1o. Esta es una jornada de sensibilizaci\u00f3n y concientizaci\u00f3n con este contacto que para los chicos es tan importante, de que se sientan incluidos a la sociedad, ya que son personas como todos nosotros y tambi\u00e9n tienen derechos\u201d. \u201cPor suerte Leo (Nardini), nuestro intendente, apost\u00f3 a la creaci\u00f3n de nuestra Direcci\u00f3n y nos brinda todo su apoyo siempre, y hoy recibe a los chicos en su oficina para alegr\u00eda de ellos\u00bb, finaliz\u00f3.<\/p>\n<p>Por su parte, C\u00e9sar Gonz\u00e1lez, orientador del Centro de D\u00eda, explic\u00f3: \u00abTrabajamos con los chicos en diferentes talleres y hoy en su d\u00eda queremos que disfruten de diferentes actividades, que tengan contacto con la gente, por eso estamos ac\u00e1 en el municipio que de muy buena manera nos abri\u00f3 las puertas y estamos muy agradecidos. Preparamos un stand para que se difundan los trabajos de los diferentes talleres que tenemos, costura, huerta, educaci\u00f3n f\u00edsica y expresi\u00f3n corporal. Nuestro objetivo es que ellos tengan su propio espacio y que se inserten a la sociedad, ya que a ellos sentirse parte del sistema les hace muy bien y a nosotros nos da mucha alegr\u00eda\u00bb.<\/p>\n","protected":false},"excerpt":{"rendered":"<p>Cada 21 de marzo se conmemora en todo el mundo el D\u00eda Mundial del S\u00edndrome..<\/p>\n","protected":false},"author":2,"featured_media":5465,"comment_status":"open","ping_status":"open","sticky":false,"template":"","format":"standard","meta":{"footnotes":""},"categories":[9,3],"tags":[143,17],"class_list":["post-5464","post","type-post","status-publish","format-standard","has-post-thumbnail","hentry","category-malvinas-argentinas","category-municipios","tag-dia-mundial-del-sindrome-de-down","tag-malvinas-argentinas"],"_links":{"self":[{"href":"https:\/\/noticiasrec.com\/index.php?rest_route=\/wp\/v2\/posts\/5464","targetHints":{"allow":["GET"]}}],"collection":[{"href":"https:\/\/noticiasrec.com\/index.php?rest_route=\/wp\/v2\/posts"}],"about":[{"href":"https:\/\/noticiasrec.com\/index.php?rest_route=\/wp\/v2\/types\/post"}],"author":[{"embeddable":true,"href":"https:\/\/noticiasrec.com\/index.php?rest_route=\/wp\/v2\/users\/2"}],"replies":[{"embeddable":true,"href":"https:\/\/noticiasrec.com\/index.php?rest_route=%2Fwp%2Fv2%2Fcomments&post=5464"}],"version-history":[{"count":1,"href":"https:\/\/noticiasrec.com\/index.php?rest_route=\/wp\/v2\/posts\/5464\/revisions"}],"predecessor-version":[{"id":5466,"href":"https:\/\/noticiasrec.com\/index.php?rest_route=\/wp\/v2\/posts\/5464\/revisions\/5466"}],"wp:featuredmedia":[{"embeddable":true,"href":"https:\/\/noticiasrec.com\/index.php?rest_route=\/wp\/v2\/media\/5465"}],"wp:attachment":[{"href":"https:\/\/noticiasrec.com\/index.php?rest_route=%2Fwp%2Fv2%2Fmedia&parent=5464"}],"wp:term":[{"taxonomy":"category","embeddable":true,"href":"https:\/\/noticiasrec.com\/index.php?rest_route=%2Fwp%2Fv2%2Fcategories&post=5464"},{"taxonomy":"post_tag","embeddable":true,"href":"https:\/\/noticiasrec.com\/index.php?rest_route=%2Fwp%2Fv2%2Ftags&post=5464"}],"curies":[{"name":"wp","href":"https:\/\/api.w.org\/{rel}","templated":true}]}}