{"id":5458,"date":"2018-03-21T21:51:53","date_gmt":"2018-03-21T21:51:53","guid":{"rendered":"http:\/\/noticiasrec.com\/?p=5458"},"modified":"2018-03-21T21:51:53","modified_gmt":"2018-03-21T21:51:53","slug":"historico-mario-ishii-firmo-convenio-para-atacar-la-problematica-de-la-basura-en-jose-c-paz","status":"publish","type":"post","link":"https:\/\/noticiasrec.com\/?p=5458","title":{"rendered":"Hist\u00f3rico: Mario ishii firm\u00f3 convenio para atacar la problem\u00e1tica de la basura en Jos\u00e9 C. Paz"},"content":{"rendered":"<p>El jefe comunal pace\u00f1o anunci\u00f3 que el municipio firm\u00f3 un convenio con la empresa Sumec para tratar problem\u00e1tica de residuos s\u00f3lidos, que cumplir\u00e1 los est\u00e1ndares ambientales m\u00e1s exigentes como los de la Uni\u00f3n Europea y Estados Unidos.<\/p>\n<p>Entre las principales problem\u00e1ticas vecinales se encuentra al tope, la intensa acumulaci\u00f3n de basura en los barrios del distrito. Lo cierto es que el municipio comenz\u00f3 con varios programas y limpieza diaria que buenos resultados pero que no terminan por arrancar de ra\u00edz el flagelo.<\/p>\n<p>La planta tendr\u00e1 una capacidad de recepci\u00f3n de 1000 toneladas de basura diarias, que adem\u00e1s generar\u00e1 energ\u00eda limpia por 32 megas. Es la primera planta de residuos que se instalar\u00e1 con estas caracter\u00edsticas en Latinoam\u00e9rica y estar\u00e1 en Jos\u00e9 C. Paz.<\/p>\n","protected":false},"excerpt":{"rendered":"<p>El jefe comunal pace\u00f1o anunci\u00f3 que el municipio firm\u00f3 un convenio con la empresa Sumec..<\/p>\n","protected":false},"author":2,"featured_media":5459,"comment_status":"open","ping_status":"open","sticky":false,"template":"","format":"standard","meta":{"footnotes":""},"categories":[10,3],"tags":[138,136,139,137,62],"class_list":["post-5458","post","type-post","status-publish","format-standard","has-post-thumbnail","hentry","category-jose-c-paz","category-municipios","tag-1000-toneladas-de-basura-diarias","tag-basura-en-jose-c-paz","tag-convenio","tag-empresa-sumec","tag-mario-ishii"],"_links":{"self":[{"href":"https:\/\/noticiasrec.com\/index.php?rest_route=\/wp\/v2\/posts\/5458","targetHints":{"allow":["GET"]}}],"collection":[{"href":"https:\/\/noticiasrec.com\/index.php?rest_route=\/wp\/v2\/posts"}],"about":[{"href":"https:\/\/noticiasrec.com\/index.php?rest_route=\/wp\/v2\/types\/post"}],"author":[{"embeddable":true,"href":"https:\/\/noticiasrec.com\/index.php?rest_route=\/wp\/v2\/users\/2"}],"replies":[{"embeddable":true,"href":"https:\/\/noticiasrec.com\/index.php?rest_route=%2Fwp%2Fv2%2Fcomments&post=5458"}],"version-history":[{"count":1,"href":"https:\/\/noticiasrec.com\/index.php?rest_route=\/wp\/v2\/posts\/5458\/revisions"}],"predecessor-version":[{"id":5460,"href":"https:\/\/noticiasrec.com\/index.php?rest_route=\/wp\/v2\/posts\/5458\/revisions\/5460"}],"wp:featuredmedia":[{"embeddable":true,"href":"https:\/\/noticiasrec.com\/index.php?rest_route=\/wp\/v2\/media\/5459"}],"wp:attachment":[{"href":"https:\/\/noticiasrec.com\/index.php?rest_route=%2Fwp%2Fv2%2Fmedia&parent=5458"}],"wp:term":[{"taxonomy":"category","embeddable":true,"href":"https:\/\/noticiasrec.com\/index.php?rest_route=%2Fwp%2Fv2%2Fcategories&post=5458"},{"taxonomy":"post_tag","embeddable":true,"href":"https:\/\/noticiasrec.com\/index.php?rest_route=%2Fwp%2Fv2%2Ftags&post=5458"}],"curies":[{"name":"wp","href":"https:\/\/api.w.org\/{rel}","templated":true}]}}