{"id":5291,"date":"2017-12-28T11:38:10","date_gmt":"2017-12-28T11:38:10","guid":{"rendered":"http:\/\/noticiasrec.com\/?p=5291"},"modified":"2017-12-28T11:38:10","modified_gmt":"2017-12-28T11:38:10","slug":"comenzo-la-inscripcion-para-la-colonia-de-verano-en-malvinas-argentinas","status":"publish","type":"post","link":"https:\/\/noticiasrec.com\/?p=5291","title":{"rendered":"Comenz\u00f3 la inscripci\u00f3n para la colonia de verano en Malvinas Argentinas"},"content":{"rendered":"<p> La Direcci\u00f3n de Deporte Social y Desarrollo Comunitario dio inicio a la inscripci\u00f3n para la colonia municipal. La misma rige desde el 26 hasta el 29 de diciembre, en el horario de 9 a 12 horas y de 15 a 18 horas, en la planta baja del Palacio Municipal.<\/p>\n<p>El profesor Juan Pablo Matas, director del \u00e1rea que organiza, se refiri\u00f3 a los principales destinatarios de este programa: \u201cEs una propuesta para los chicos y las familias que no tienen la posibilidad de vacacionar en alg\u00fan centro tur\u00edstico del pa\u00eds y que no pasan por un buen momento econ\u00f3mico o no tienen los recursos econ\u00f3micos necesarios para recrearse, esparcirse\u201d.<\/p>\n<p>Adem\u00e1s, el programa contempla la inclusi\u00f3n de ni\u00f1os con discapacidad y adultos mayores. Al respecto, Matas dijo: \u201cNo nos olvidamos de la gente con discapacidad y de los adultos mayores que tambi\u00e9n van a tener su espacio con diferentes actividades para que se sientan parte y sean incluidos en el deporte local\u201d.<\/p>\n<p>Y destac\u00f3 el apoyo del jefe comunal para fortalecer estas actividades: \u201cEl apoyo del municipio es fundamental, nuestro intendente Leo Nardini convirti\u00f3 al deporte en un derecho, la tarea inclusiva es fundamental y por eso trabajamos de manera incansable en la tarea social\u201d.<\/p>\n<p>La inscripci\u00f3n es personal y se requiere DNI del ni\u00f1o o ni\u00f1a que pretende participar de la propuesta y el del adulto responsable. El traslado est\u00e1 a cargo de la familia. Y se ofrece un refrigerio gratuito (desayuno o merienda) por turno. La colonia funcionar\u00e1 en la Sociedad Alemana de Gimnasia en Los Polvorines y en el C\u00edrculo de Suboficiales de la Polic\u00eda Federal. <\/p>\n","protected":false},"excerpt":{"rendered":"<p>La Direcci\u00f3n de Deporte Social y Desarrollo Comunitario dio inicio a la inscripci\u00f3n para la..<\/p>\n","protected":false},"author":2,"featured_media":5292,"comment_status":"open","ping_status":"open","sticky":false,"template":"","format":"standard","meta":{"footnotes":""},"categories":[7,9,3],"tags":[],"class_list":["post-5291","post","type-post","status-publish","format-standard","has-post-thumbnail","hentry","category-deportes","category-malvinas-argentinas","category-municipios"],"_links":{"self":[{"href":"https:\/\/noticiasrec.com\/index.php?rest_route=\/wp\/v2\/posts\/5291","targetHints":{"allow":["GET"]}}],"collection":[{"href":"https:\/\/noticiasrec.com\/index.php?rest_route=\/wp\/v2\/posts"}],"about":[{"href":"https:\/\/noticiasrec.com\/index.php?rest_route=\/wp\/v2\/types\/post"}],"author":[{"embeddable":true,"href":"https:\/\/noticiasrec.com\/index.php?rest_route=\/wp\/v2\/users\/2"}],"replies":[{"embeddable":true,"href":"https:\/\/noticiasrec.com\/index.php?rest_route=%2Fwp%2Fv2%2Fcomments&post=5291"}],"version-history":[{"count":1,"href":"https:\/\/noticiasrec.com\/index.php?rest_route=\/wp\/v2\/posts\/5291\/revisions"}],"predecessor-version":[{"id":5293,"href":"https:\/\/noticiasrec.com\/index.php?rest_route=\/wp\/v2\/posts\/5291\/revisions\/5293"}],"wp:featuredmedia":[{"embeddable":true,"href":"https:\/\/noticiasrec.com\/index.php?rest_route=\/wp\/v2\/media\/5292"}],"wp:attachment":[{"href":"https:\/\/noticiasrec.com\/index.php?rest_route=%2Fwp%2Fv2%2Fmedia&parent=5291"}],"wp:term":[{"taxonomy":"category","embeddable":true,"href":"https:\/\/noticiasrec.com\/index.php?rest_route=%2Fwp%2Fv2%2Fcategories&post=5291"},{"taxonomy":"post_tag","embeddable":true,"href":"https:\/\/noticiasrec.com\/index.php?rest_route=%2Fwp%2Fv2%2Ftags&post=5291"}],"curies":[{"name":"wp","href":"https:\/\/api.w.org\/{rel}","templated":true}]}}