{"id":5193,"date":"2017-11-13T20:01:58","date_gmt":"2017-11-13T20:01:58","guid":{"rendered":"http:\/\/noticiasrec.com\/?p=5193"},"modified":"2017-11-13T20:01:58","modified_gmt":"2017-11-13T20:01:58","slug":"judiciales-bonaerenses-van-al-paro-el-miercoles-contra-el-intento-de-cambiemos-de-eliminar-la-feria","status":"publish","type":"post","link":"https:\/\/noticiasrec.com\/?p=5193","title":{"rendered":"Judiciales bonaerenses van al paro el mi\u00e9rcoles contra el intento de Cambiemos de eliminar la feria"},"content":{"rendered":"<p>La Asociaci\u00f3n Judicial Bonaerense (AJB) se sumar\u00e1 el mi\u00e9rcoles al paro nacional que se impulsa en el sector para pedir por la devoluci\u00f3n de descuentos realizados por la Suprema Corte y mostrar su oposici\u00f3n a la eliminaci\u00f3n de la feria, algo que el oficialismo viene barajando tanto en provincia como a nivel nacional.<\/p>\n<p>D\u00edas atr\u00e1s, tras las declaraciones del Presidente Mauricio Macri en las que asegur\u00f3 que no pod\u00eda ser que \u00abque durante 45 d\u00edas est\u00e9 interrumpido el servicio de Justicia\u201d, el diputado provincial Guillermo Castello reimpuls\u00f3 un proyecto presentado en febrero que busca terminar la feria.<\/p>\n<p>Desde el gremio  de judiciales AJB  mostraron su rechazo a la posible reforma y por eso ir\u00e1n al paro y se movilizar\u00e1n por las calles de La Plata el mi\u00e9rcoles. En tanto, el otro reclamo central que har\u00e1n los judiciales es el de la devoluci\u00f3n de los descuentos por los d\u00edas de paro en agosto que en algunos casos alcanzaron hasta el 17% del salario.<\/p>\n","protected":false},"excerpt":{"rendered":"<p>La Asociaci\u00f3n Judicial Bonaerense (AJB) se sumar\u00e1 el mi\u00e9rcoles al paro nacional que se impulsa..<\/p>\n","protected":false},"author":2,"featured_media":5194,"comment_status":"open","ping_status":"open","sticky":false,"template":"","format":"standard","meta":{"footnotes":""},"categories":[2],"tags":[],"class_list":["post-5193","post","type-post","status-publish","format-standard","has-post-thumbnail","hentry","category-provincia"],"_links":{"self":[{"href":"https:\/\/noticiasrec.com\/index.php?rest_route=\/wp\/v2\/posts\/5193","targetHints":{"allow":["GET"]}}],"collection":[{"href":"https:\/\/noticiasrec.com\/index.php?rest_route=\/wp\/v2\/posts"}],"about":[{"href":"https:\/\/noticiasrec.com\/index.php?rest_route=\/wp\/v2\/types\/post"}],"author":[{"embeddable":true,"href":"https:\/\/noticiasrec.com\/index.php?rest_route=\/wp\/v2\/users\/2"}],"replies":[{"embeddable":true,"href":"https:\/\/noticiasrec.com\/index.php?rest_route=%2Fwp%2Fv2%2Fcomments&post=5193"}],"version-history":[{"count":1,"href":"https:\/\/noticiasrec.com\/index.php?rest_route=\/wp\/v2\/posts\/5193\/revisions"}],"predecessor-version":[{"id":5195,"href":"https:\/\/noticiasrec.com\/index.php?rest_route=\/wp\/v2\/posts\/5193\/revisions\/5195"}],"wp:featuredmedia":[{"embeddable":true,"href":"https:\/\/noticiasrec.com\/index.php?rest_route=\/wp\/v2\/media\/5194"}],"wp:attachment":[{"href":"https:\/\/noticiasrec.com\/index.php?rest_route=%2Fwp%2Fv2%2Fmedia&parent=5193"}],"wp:term":[{"taxonomy":"category","embeddable":true,"href":"https:\/\/noticiasrec.com\/index.php?rest_route=%2Fwp%2Fv2%2Fcategories&post=5193"},{"taxonomy":"post_tag","embeddable":true,"href":"https:\/\/noticiasrec.com\/index.php?rest_route=%2Fwp%2Fv2%2Ftags&post=5193"}],"curies":[{"name":"wp","href":"https:\/\/api.w.org\/{rel}","templated":true}]}}