{"id":5188,"date":"2017-11-13T19:52:20","date_gmt":"2017-11-13T19:52:20","guid":{"rendered":"http:\/\/noticiasrec.com\/?p=5188"},"modified":"2017-11-13T19:53:17","modified_gmt":"2017-11-13T19:53:17","slug":"el-43-de-los-presos-liberados-reinciden-y-vuelven-a-la-carcel","status":"publish","type":"post","link":"https:\/\/noticiasrec.com\/?p=5188","title":{"rendered":"El 43% de los presos liberados reinciden y vuelven a la c\u00e1rcel"},"content":{"rendered":"<p>Jos\u00e9 Edgardo Etchegaray, alias Pepito, dej\u00f3 la prisi\u00f3n de Gorina \u201cbajo palabra de honor\u201d. El juez de Ejecuci\u00f3n Jos\u00e9 Villafa\u00f1e no pod\u00eda exigirle una cauci\u00f3n a cambio. Al igual que la mayor\u00eda de las personas que transitan por las c\u00e1rceles del pa\u00eds, Pepito s\u00f3lo ten\u00eda su palabra para entregar. Prometi\u00f3, entonces, no volver a delinquir, fijar un domicilio, encontrar un trabajo y dejar de frecuentar personas \u201cinconvenientes\u201d para su reinserci\u00f3n social. As\u00ed logr\u00f3, en noviembre de 2015 y pese a sus antecedentes, el beneficio de libertad asistida. Este lunes volvi\u00f3 a ser apresado por cuarta vez, luego de asesinar a una nena de 12 a\u00f1os en la localidad de Ringuelet.<\/p>\n<p>El caso de Etchegaray no es excepcional. En la actualidad, las c\u00e1rceles de la provincia de Buenos Aires alojan unos 37.500 internos. Aunque a\u00fan no hay una cifra oficial, fuentes del gobierno bonaerense vinculadas a Justicia y al Servicio Penitenciario Bonaerense (SPB) indicaron que existe, al menos, un 43% de internos liberados que vuelven a prisi\u00f3n por diversos delitos, publica hoy el diario Perfil.<\/p>\n<p>Se estima que la reincidencia \u2013que incluye a personas que estuvieron privadas de su libertad y que fueron nuevamente involucradas en alg\u00fan crimen, pero que no fueron detenidas\u2013 es similar a la tasa de ingresos.<\/p>\n<p>En el entorno del juzgado de Villafa\u00f1e dicen que el hecho de que Etchegaray tenga, en ese momento, un beb\u00e9 de nueve meses, pes\u00f3 en su decisi\u00f3n. La fiscal Beatriz Castellanos de Bruzonne reaccion\u00f3 frente a la medida y se opuso. Crey\u00f3 que era \u201cprematuro\u201d \u2013su condena por homicidio en grado de tentativa se cumpl\u00eda el 22 de julio de 2018\u2013 pero los camaristas Alejandro Villordo Szelagowski y Gustavo Marcos destacaron que el interno hab\u00eda obtenido un \u201c10\u201d en conducta y respaldaron al magistrado.<\/p>\n<p>Pepito no sostuvo el pacto. Regres\u00f3 al penal de Olmos, en el que ya hab\u00eda estado alojado y de la peor manera: con el r\u00f3tulo de asesino. La madrugada del domingo pasado sali\u00f3 a robar armado, otra vez. Dispar\u00f3 contra una familia y el tiro impact\u00f3 en la frente de Abril Bogado, de 12 a\u00f1os.<\/p>\n<p>Tras su captura, sum\u00f3 un casillero m\u00e1s en la planilla de ingresos del SPB. Hab\u00eda estado en la Unidad Penitenciaria N\u00ba 1 desde el 11 de mayo de 2011 hasta el 7 de abril de 2014. Luego, tuvo una estad\u00eda en la U-36 de Magdalena, del 9 de abril de 2014 al 16 de mayo de 2015, cuando fue trasladado a la Comunidad Terap\u00e9utica de Gorina, un centro de r\u00e9gimen cerrado donde se trata a internos drogadependientes, que posee una \u201cmodalidad atenuada destinada espec\u00edficamente al tratamiento y uso indebido de drogas\u201d, seg\u00fan explica el SPB en su sitio web.<\/p>\n<p>All\u00ed, consigui\u00f3 salidas transitorias y luego la libertad. Ahora est\u00e1 internado en el hospital de la c\u00e1rcel de Olmos, debido a la herida de bala que recibi\u00f3 al enfrentarse a los polic\u00edas que lo detuvieron.<\/p>\n<p>El crimen de Abril provoc\u00f3 una nueva oleada contra jueces que conceden beneficios, impuls\u00f3 tambi\u00e9n a la gobernadora a respaldar un proyecto de ley que limita las excarcelaciones, presentado por el senador Juan Pablo Allan. Se tratar\u00e1, de esta manera, endurecer la Ley de Ejecuci\u00f3n Penal provincial.<\/p>\n<p>Disgustado con Villafa\u00f1e, el procurador Julio Conte Grand solicit\u00f3 que el legajo del caso Etchegaray sea enviado a Control Interno de la Suprema de Justicia de Buenos Aires. Evaluar\u00e1n si hubo mal desempe\u00f1o del juez que contin\u00faa trabajando y visitando a los reclusos que est\u00e1n a su cargo, pese a los reclamos formulados por familiares de v\u00edctimas de la inseguridad en la prensa.<\/p>\n","protected":false},"excerpt":{"rendered":"<p>Jos\u00e9 Edgardo Etchegaray, alias Pepito, dej\u00f3 la prisi\u00f3n de Gorina \u201cbajo palabra de honor\u201d. El..<\/p>\n","protected":false},"author":2,"featured_media":5192,"comment_status":"open","ping_status":"open","sticky":false,"template":"","format":"standard","meta":{"footnotes":""},"categories":[18,2,5],"tags":[],"class_list":["post-5188","post","type-post","status-publish","format-standard","has-post-thumbnail","hentry","category-policiales","category-provincia","category-sociedad"],"_links":{"self":[{"href":"https:\/\/noticiasrec.com\/index.php?rest_route=\/wp\/v2\/posts\/5188","targetHints":{"allow":["GET"]}}],"collection":[{"href":"https:\/\/noticiasrec.com\/index.php?rest_route=\/wp\/v2\/posts"}],"about":[{"href":"https:\/\/noticiasrec.com\/index.php?rest_route=\/wp\/v2\/types\/post"}],"author":[{"embeddable":true,"href":"https:\/\/noticiasrec.com\/index.php?rest_route=\/wp\/v2\/users\/2"}],"replies":[{"embeddable":true,"href":"https:\/\/noticiasrec.com\/index.php?rest_route=%2Fwp%2Fv2%2Fcomments&post=5188"}],"version-history":[{"count":1,"href":"https:\/\/noticiasrec.com\/index.php?rest_route=\/wp\/v2\/posts\/5188\/revisions"}],"predecessor-version":[{"id":5190,"href":"https:\/\/noticiasrec.com\/index.php?rest_route=\/wp\/v2\/posts\/5188\/revisions\/5190"}],"wp:featuredmedia":[{"embeddable":true,"href":"https:\/\/noticiasrec.com\/index.php?rest_route=\/wp\/v2\/media\/5192"}],"wp:attachment":[{"href":"https:\/\/noticiasrec.com\/index.php?rest_route=%2Fwp%2Fv2%2Fmedia&parent=5188"}],"wp:term":[{"taxonomy":"category","embeddable":true,"href":"https:\/\/noticiasrec.com\/index.php?rest_route=%2Fwp%2Fv2%2Fcategories&post=5188"},{"taxonomy":"post_tag","embeddable":true,"href":"https:\/\/noticiasrec.com\/index.php?rest_route=%2Fwp%2Fv2%2Ftags&post=5188"}],"curies":[{"name":"wp","href":"https:\/\/api.w.org\/{rel}","templated":true}]}}