{"id":5152,"date":"2017-11-02T13:49:46","date_gmt":"2017-11-02T13:49:46","guid":{"rendered":"http:\/\/noticiasrec.com\/?p=5152"},"modified":"2017-11-02T13:49:46","modified_gmt":"2017-11-02T13:49:46","slug":"ishii-dispuesto-a-reasumir-como-senador-para-fijar-su-posicion-sobre-el-endeudamiento","status":"publish","type":"post","link":"https:\/\/noticiasrec.com\/?p=5152","title":{"rendered":"Ishii dispuesto a reasumir como Senador para fijar su posici\u00f3n sobre el endeudamiento"},"content":{"rendered":"<p>El Intendente de Jos\u00e9 C. Paz, Mario Ishii en uso de licencia como Senador provincial, est\u00e1 dispuesto a reasumir en la Legislatura bonaerense para dejar en claro su postura contra el endeudamiento del Gobierno y en lo que respecta al presupuesto.<\/p>\n<p>Ishii tiene mandato hasta este a\u00f1o como senador y reasumir\u00eda por pocos d\u00edas para fijar su posici\u00f3n. En conversaci\u00f3n con Diagonales, el jefe comunal se mostr\u00f3 decidido a hacerse escuchar, ya que asegura que llam\u00f3 ocho veces a la gobernadora Mar\u00eda Eugenia VIdal en la \u00faltima semana y no obtuvo respuesta.<\/p>\n<p>Adem\u00e1s remarc\u00f3 que le llama la atenci\u00f3n que tras inaugurarse siete hospitales de alta complejidad en Jos\u00e9 C. Paz de los cuales la Gobernadora particip\u00f3, no fueron incluidos en la coparticipaci\u00f3n.<\/p>\n<p>\u00abEsto no es en contra de nadie siempre es a favor de los Bonaerenses\u00bb, lanz\u00f3 Ishii en comunicaci\u00f3n con este medio. Adem\u00e1s dijo que su intenci\u00f3n \u00abes ayudar a su gesti\u00f3n (Vidal) transparentando el presupuesto\u00bb y remarc\u00f3 que\u00a0<strong>\u00abcon los endeudamientos que tuvimos y que se proyectan estamos condenando a la provincia\u00bb.<\/strong><\/p>\n<p>Si bien a Mario Ishii se le vence este a\u00f1o su mandato como senador, la intenci\u00f3n del actual intendente es fijar su posici\u00f3n en la C\u00e1mara Alta. \u00a0Tambi\u00e9n puede ser interpretado como una estrategia pol\u00edtica, ya que el alcalde es uno de los que se anota para conducir el Partido Justicialista bonaerense.<\/p>\n<p>Cabe recordar que tambi\u00e9n se sent\u00f3 en la banca y con un encendido discurso rechaz\u00f3 el presupuesto del ex \u00a0gobernador bonaerense, Daniel Scioli<\/p>\n","protected":false},"excerpt":{"rendered":"<p>El Intendente de Jos\u00e9 C. Paz, Mario Ishii en uso de licencia como Senador provincial,..<\/p>\n","protected":false},"author":2,"featured_media":5153,"comment_status":"open","ping_status":"open","sticky":false,"template":"","format":"standard","meta":{"footnotes":""},"categories":[10,3,2],"tags":[],"class_list":["post-5152","post","type-post","status-publish","format-standard","has-post-thumbnail","hentry","category-jose-c-paz","category-municipios","category-provincia"],"_links":{"self":[{"href":"https:\/\/noticiasrec.com\/index.php?rest_route=\/wp\/v2\/posts\/5152","targetHints":{"allow":["GET"]}}],"collection":[{"href":"https:\/\/noticiasrec.com\/index.php?rest_route=\/wp\/v2\/posts"}],"about":[{"href":"https:\/\/noticiasrec.com\/index.php?rest_route=\/wp\/v2\/types\/post"}],"author":[{"embeddable":true,"href":"https:\/\/noticiasrec.com\/index.php?rest_route=\/wp\/v2\/users\/2"}],"replies":[{"embeddable":true,"href":"https:\/\/noticiasrec.com\/index.php?rest_route=%2Fwp%2Fv2%2Fcomments&post=5152"}],"version-history":[{"count":1,"href":"https:\/\/noticiasrec.com\/index.php?rest_route=\/wp\/v2\/posts\/5152\/revisions"}],"predecessor-version":[{"id":5154,"href":"https:\/\/noticiasrec.com\/index.php?rest_route=\/wp\/v2\/posts\/5152\/revisions\/5154"}],"wp:featuredmedia":[{"embeddable":true,"href":"https:\/\/noticiasrec.com\/index.php?rest_route=\/wp\/v2\/media\/5153"}],"wp:attachment":[{"href":"https:\/\/noticiasrec.com\/index.php?rest_route=%2Fwp%2Fv2%2Fmedia&parent=5152"}],"wp:term":[{"taxonomy":"category","embeddable":true,"href":"https:\/\/noticiasrec.com\/index.php?rest_route=%2Fwp%2Fv2%2Fcategories&post=5152"},{"taxonomy":"post_tag","embeddable":true,"href":"https:\/\/noticiasrec.com\/index.php?rest_route=%2Fwp%2Fv2%2Ftags&post=5152"}],"curies":[{"name":"wp","href":"https:\/\/api.w.org\/{rel}","templated":true}]}}