{"id":5092,"date":"2017-10-17T23:18:17","date_gmt":"2017-10-17T23:18:17","guid":{"rendered":"http:\/\/noticiasrec.com\/?p=5092"},"modified":"2017-10-17T23:18:17","modified_gmt":"2017-10-17T23:18:17","slug":"cristina-visito-jose-c-paz-en-una-caravana-multitudinaria","status":"publish","type":"post","link":"https:\/\/noticiasrec.com\/?p=5092","title":{"rendered":"Cristina visit\u00f3 Jos\u00e9 C. Paz en una caravana multitudinaria"},"content":{"rendered":"<p>La candidata a senadora nacional por Unidad Ciudadana,\u00a0<strong>Cristina Fern\u00e1ndez de Kirchner<\/strong>, particip\u00f3 de una caravana en\u00a0 \u00a0Jos\u00e9 C. Paz, junto a candidatos locales quienes la acompa\u00f1aron, ante una multitud de militantes y vecinos.<\/p>\n<p>Tras el multitudinario acto que encabez\u00f3 ayer lunes en el estadio de Racing, y a d\u00edas de la veda electoral, la ex presidenta se mostr\u00f3 emocionada frente a tanta demostraci\u00f3n de cari\u00f1o por parte de la gente.<\/p>\n<p>El actual intendente <b>Mario Ishii<\/b>\u00a0no acompa\u00f1\u00f3 a la ex presidenta en su recorrido y quienes\u00a0se sumaron fueron referentes y dirigentes muy cercanos al jefe comunal, que integran la lista local de Unidad Ciudadana. De hecho, el propio Ishii declar\u00f3 d\u00edas atr\u00e1s que les dio \u201clibertad de acci\u00f3n\u201d.<\/p>\n<p>\u201cEllos siempre quisieron jugar con ella (por Cristina Kirchner), como te digo, yo les doy libertad de acci\u00f3n. En las charlas siempre charlamos y soy democr\u00e1tico, aunque ten\u00eda mis listas. Hay que permitir que los compa\u00f1eros elijan su destino. Hoy lo importante es la gesti\u00f3n\u201d y en esa l\u00ednea sostuvo: \u201cYo no voy a caminar con nadie para hacer campa\u00f1a. Le doy libertad a mis votantes porque no participo\u201d<\/p>\n","protected":false},"excerpt":{"rendered":"<p>La candidata a senadora nacional por Unidad Ciudadana,\u00a0Cristina Fern\u00e1ndez de Kirchner, particip\u00f3 de una caravana..<\/p>\n","protected":false},"author":2,"featured_media":5093,"comment_status":"open","ping_status":"open","sticky":false,"template":"","format":"standard","meta":{"footnotes":""},"categories":[10,4],"tags":[],"class_list":["post-5092","post","type-post","status-publish","format-standard","has-post-thumbnail","hentry","category-jose-c-paz","category-politica"],"_links":{"self":[{"href":"https:\/\/noticiasrec.com\/index.php?rest_route=\/wp\/v2\/posts\/5092","targetHints":{"allow":["GET"]}}],"collection":[{"href":"https:\/\/noticiasrec.com\/index.php?rest_route=\/wp\/v2\/posts"}],"about":[{"href":"https:\/\/noticiasrec.com\/index.php?rest_route=\/wp\/v2\/types\/post"}],"author":[{"embeddable":true,"href":"https:\/\/noticiasrec.com\/index.php?rest_route=\/wp\/v2\/users\/2"}],"replies":[{"embeddable":true,"href":"https:\/\/noticiasrec.com\/index.php?rest_route=%2Fwp%2Fv2%2Fcomments&post=5092"}],"version-history":[{"count":1,"href":"https:\/\/noticiasrec.com\/index.php?rest_route=\/wp\/v2\/posts\/5092\/revisions"}],"predecessor-version":[{"id":5094,"href":"https:\/\/noticiasrec.com\/index.php?rest_route=\/wp\/v2\/posts\/5092\/revisions\/5094"}],"wp:featuredmedia":[{"embeddable":true,"href":"https:\/\/noticiasrec.com\/index.php?rest_route=\/wp\/v2\/media\/5093"}],"wp:attachment":[{"href":"https:\/\/noticiasrec.com\/index.php?rest_route=%2Fwp%2Fv2%2Fmedia&parent=5092"}],"wp:term":[{"taxonomy":"category","embeddable":true,"href":"https:\/\/noticiasrec.com\/index.php?rest_route=%2Fwp%2Fv2%2Fcategories&post=5092"},{"taxonomy":"post_tag","embeddable":true,"href":"https:\/\/noticiasrec.com\/index.php?rest_route=%2Fwp%2Fv2%2Ftags&post=5092"}],"curies":[{"name":"wp","href":"https:\/\/api.w.org\/{rel}","templated":true}]}}