{"id":5025,"date":"2017-09-25T19:44:24","date_gmt":"2017-09-25T19:44:24","guid":{"rendered":"http:\/\/noticiasrec.com\/?p=5025"},"modified":"2017-09-25T19:44:24","modified_gmt":"2017-09-25T19:44:24","slug":"macri-y-vidal-inauguraron-la-renovacion-de-la-ruta-8-en-san-miguel","status":"publish","type":"post","link":"https:\/\/noticiasrec.com\/?p=5025","title":{"rendered":"Macri y Vidal inauguraron la renovaci\u00f3n de la Ruta 8 en San Miguel"},"content":{"rendered":"<p>La Gobernadora de la Provincia de Buenos Aires, Mar\u00eda Eugenia Vidal, el Presidente de la Naci\u00f3n, Mauricio Macri, y el Intendente Jaime M\u00e9ndez inauguraron esta ma\u00f1ana el primer tramo de las obras de repavimentaci\u00f3n y ensanche de la Ruta 8, en San Miguel.<\/p>\n<p>Esta obra emblem\u00e1tica se da en el marco de un plan del Ministerio de Transporte de la Naci\u00f3n para la renovaci\u00f3n integral del corredor de colectivos urbanos de esta ruta nacional, a fin de mejorar el servicio de transporte p\u00fablico. Los trabajos incluyeron obras hidr\u00e1ulicas, la construcci\u00f3n de d\u00e1rsenas de hormig\u00f3n, un boulevard central, refugios para colectivos, nuevas se\u00f1alizaciones y sem\u00e1foros, entre otras mejoras.<\/p>\n<p>Durante la inauguraci\u00f3n el Presidente resalt\u00f3 la importancia del \u00abtrabajo en equipo del gobierno nacional, provincial y municipal, pensando en lo que es mejor para que esta esperanza crezca. Nos quisieron enga\u00f1ar de que no iba a cambiar ninguna ruta, ni escuela, cuando todo puede cambiar y mejorar\u00bb, se\u00f1al\u00f3 Macri.<\/p>\n<p>En el mismo tono, el intendente Jaime M\u00e9ndez declar\u00f3: \u201cEsta inauguraci\u00f3n es una muestra m\u00e1s del trabajo en conjunto que estamos haciendo desde diciembre 2015. La Ruta 8 es una obra emblem\u00e1tica, que esper\u00f3 cuarenta a\u00f1os y beneficia a miles de vecinos, pero es s\u00f3lo un ejemplo de todo lo que est\u00e1 panado en San Miguel el \u00faltimo a\u00f1o\u201d.<\/p>\n<p>Estuvieron presentes tambi\u00e9n el ministro de Transporte de la Naci\u00f3n, Guillermo Dietrich, el ministro de Gobierno bonaerense, Joaqu\u00edn de la Torre y la candidata a diputada por la Provincia de Buenos Aires, Graciela Oca\u00f1a, entre otros.<\/p>\n","protected":false},"excerpt":{"rendered":"<p>La Gobernadora de la Provincia de Buenos Aires, Mar\u00eda Eugenia Vidal, el Presidente de la..<\/p>\n","protected":false},"author":2,"featured_media":5026,"comment_status":"open","ping_status":"open","sticky":false,"template":"","format":"standard","meta":{"footnotes":""},"categories":[3,2,8],"tags":[],"class_list":["post-5025","post","type-post","status-publish","format-standard","has-post-thumbnail","hentry","category-municipios","category-provincia","category-san-miguel"],"_links":{"self":[{"href":"https:\/\/noticiasrec.com\/index.php?rest_route=\/wp\/v2\/posts\/5025","targetHints":{"allow":["GET"]}}],"collection":[{"href":"https:\/\/noticiasrec.com\/index.php?rest_route=\/wp\/v2\/posts"}],"about":[{"href":"https:\/\/noticiasrec.com\/index.php?rest_route=\/wp\/v2\/types\/post"}],"author":[{"embeddable":true,"href":"https:\/\/noticiasrec.com\/index.php?rest_route=\/wp\/v2\/users\/2"}],"replies":[{"embeddable":true,"href":"https:\/\/noticiasrec.com\/index.php?rest_route=%2Fwp%2Fv2%2Fcomments&post=5025"}],"version-history":[{"count":1,"href":"https:\/\/noticiasrec.com\/index.php?rest_route=\/wp\/v2\/posts\/5025\/revisions"}],"predecessor-version":[{"id":5028,"href":"https:\/\/noticiasrec.com\/index.php?rest_route=\/wp\/v2\/posts\/5025\/revisions\/5028"}],"wp:featuredmedia":[{"embeddable":true,"href":"https:\/\/noticiasrec.com\/index.php?rest_route=\/wp\/v2\/media\/5026"}],"wp:attachment":[{"href":"https:\/\/noticiasrec.com\/index.php?rest_route=%2Fwp%2Fv2%2Fmedia&parent=5025"}],"wp:term":[{"taxonomy":"category","embeddable":true,"href":"https:\/\/noticiasrec.com\/index.php?rest_route=%2Fwp%2Fv2%2Fcategories&post=5025"},{"taxonomy":"post_tag","embeddable":true,"href":"https:\/\/noticiasrec.com\/index.php?rest_route=%2Fwp%2Fv2%2Ftags&post=5025"}],"curies":[{"name":"wp","href":"https:\/\/api.w.org\/{rel}","templated":true}]}}