{"id":4920,"date":"2017-09-06T19:56:56","date_gmt":"2017-09-06T19:56:56","guid":{"rendered":"http:\/\/noticiasrec.com\/?p=4920"},"modified":"2017-09-06T19:56:56","modified_gmt":"2017-09-06T19:56:56","slug":"provincia-por-las-inundaciones-peligra-el-25-de-la-agricultura-y-el-26-de-la-ganaderia","status":"publish","type":"post","link":"https:\/\/noticiasrec.com\/?p=4920","title":{"rendered":"Provincia: Por las inundaciones, peligra el 25% de la agricultura y el 26% de la ganader\u00eda"},"content":{"rendered":"<p>La Confederaci\u00f3n de Asociaciones Rurales de Buenos Aires y La Pampa (Carbap) advirti\u00f3 que peligra el 25% del \u00e1rea destinada a la agricultura y 26% de la ganader\u00eda luego de detectar 8 millones de hect\u00e1reas inundadas mediante un relevamiento de im\u00e1genes satelitales realizado en esa regi\u00f3n.<\/p>\n<p>La entidad se\u00f1al\u00f3 que \u00abel impacto econ\u00f3mico que tendr\u00eda sobre la actividad alcanza 26.200 millones de pesos, proyectando lo que no se sembrar\u00e1 con soja, ma\u00edz y girasol, adem\u00e1s de las p\u00e9rdidas en trigo, y estimando los perjuicios en ganader\u00eda, lecher\u00eda e infraestructura\u00bb.<\/p>\n<p>El reporte detall\u00f3 que esa cifra es \u00ab52 veces el Fondo de Emergencia Nacional, que el Ministerio de Agroindustria tiene previsto para el sector en estos casos, que desde 2009 es de 500 millones para todo el pa\u00eds\u00bb.<\/p>\n","protected":false},"excerpt":{"rendered":"<p>La Confederaci\u00f3n de Asociaciones Rurales de Buenos Aires y La Pampa (Carbap) advirti\u00f3 que peligra..<\/p>\n","protected":false},"author":2,"featured_media":4921,"comment_status":"open","ping_status":"open","sticky":false,"template":"","format":"standard","meta":{"footnotes":""},"categories":[2],"tags":[],"class_list":["post-4920","post","type-post","status-publish","format-standard","has-post-thumbnail","hentry","category-provincia"],"_links":{"self":[{"href":"https:\/\/noticiasrec.com\/index.php?rest_route=\/wp\/v2\/posts\/4920","targetHints":{"allow":["GET"]}}],"collection":[{"href":"https:\/\/noticiasrec.com\/index.php?rest_route=\/wp\/v2\/posts"}],"about":[{"href":"https:\/\/noticiasrec.com\/index.php?rest_route=\/wp\/v2\/types\/post"}],"author":[{"embeddable":true,"href":"https:\/\/noticiasrec.com\/index.php?rest_route=\/wp\/v2\/users\/2"}],"replies":[{"embeddable":true,"href":"https:\/\/noticiasrec.com\/index.php?rest_route=%2Fwp%2Fv2%2Fcomments&post=4920"}],"version-history":[{"count":1,"href":"https:\/\/noticiasrec.com\/index.php?rest_route=\/wp\/v2\/posts\/4920\/revisions"}],"predecessor-version":[{"id":4922,"href":"https:\/\/noticiasrec.com\/index.php?rest_route=\/wp\/v2\/posts\/4920\/revisions\/4922"}],"wp:featuredmedia":[{"embeddable":true,"href":"https:\/\/noticiasrec.com\/index.php?rest_route=\/wp\/v2\/media\/4921"}],"wp:attachment":[{"href":"https:\/\/noticiasrec.com\/index.php?rest_route=%2Fwp%2Fv2%2Fmedia&parent=4920"}],"wp:term":[{"taxonomy":"category","embeddable":true,"href":"https:\/\/noticiasrec.com\/index.php?rest_route=%2Fwp%2Fv2%2Fcategories&post=4920"},{"taxonomy":"post_tag","embeddable":true,"href":"https:\/\/noticiasrec.com\/index.php?rest_route=%2Fwp%2Fv2%2Ftags&post=4920"}],"curies":[{"name":"wp","href":"https:\/\/api.w.org\/{rel}","templated":true}]}}