{"id":4905,"date":"2017-08-30T20:38:55","date_gmt":"2017-08-30T20:38:55","guid":{"rendered":"http:\/\/noticiasrec.com\/?p=4905"},"modified":"2017-08-30T20:38:55","modified_gmt":"2017-08-30T20:38:55","slug":"ariel-sujarchuk-firmo-un-convenio-con-la-universidad-nacional-de-jose-c-paz","status":"publish","type":"post","link":"https:\/\/noticiasrec.com\/?p=4905","title":{"rendered":"Ariel Sujarchuk firm\u00f3 un convenio con la Universidad Nacional de Jos\u00e9 C. Paz"},"content":{"rendered":"<p>El intendente Ariel Sujarchuk y el rector de la Universidad Nacional de Jos\u00e9 C. Paz (UNPAZ), Federico Thea, firmaron un convenio que les permitir\u00e1 a los estudiantes del Polo de Educaci\u00f3n Superior (PES) de Escobar estudiar la Licenciatura de Gesti\u00f3n Gubernamental, adem\u00e1s de desarrollar distintas actividades acad\u00e9micas y de capacitaci\u00f3n.<\/p>\n<p>\u201cEn este ambicioso proyecto que llevamos adelante en materia de educaci\u00f3n, seguimos mejorando sustancialmente las instalaciones del PES e incorporando distintas alternativas acad\u00e9micas. Es el caso de la Licenciatura en Gesti\u00f3n Gubernamental, que ya cuenta con 50 estudiantes, y tiene un valor social agregado ya que prepara a los futuros funcionarios p\u00fablicos. Buscamos implementar medidas que representen pr\u00e1cticas aut\u00e9nticas para quienes se encuentran en aprendizaje, as\u00ed como la posibilidad de producir pasant\u00edas y empleos a fin de complementar la instrucci\u00f3n de los alumnos\u201d, manifest\u00f3 Sujarchuk.<\/p>\n<p>Por su parte, el rector Thea destac\u00f3 \u201cla importancia de esta nueva herramienta de formaci\u00f3n para el desarrollo personal y profesional de aquellos que quieren ingresar a la administraci\u00f3n p\u00fablica\u201d. Tambi\u00e9n resalt\u00f3 el car\u00e1cter central que tiene para la UNPAZ la articulaci\u00f3n con municipios de la regi\u00f3n, en pos de favorecer el dise\u00f1o de pol\u00edticas p\u00fablicas que apunten al desarrollo regional.<\/p>\n<p>La Licenciatura en Gesti\u00f3n Gubernamental propone contenidos te\u00f3ricos y conceptuales para el dise\u00f1o, ejecuci\u00f3n y evaluaci\u00f3n de pol\u00edticas p\u00fablicas en general. Los egresados podr\u00e1n incorporar conocimientos sobre el marco socio pol\u00edtico y organizacional espec\u00edfico en el que se desenvuelve la administraci\u00f3n p\u00fablica, herramientas de gesti\u00f3n y sistemas contable, financiero, presupuestario, legal, externo e interno que organizan la actividad estatal.<\/p>\n","protected":false},"excerpt":{"rendered":"<p>El intendente Ariel Sujarchuk y el rector de la Universidad Nacional de Jos\u00e9 C. Paz..<\/p>\n","protected":false},"author":2,"featured_media":4906,"comment_status":"open","ping_status":"open","sticky":false,"template":"","format":"standard","meta":{"footnotes":""},"categories":[25,12,10],"tags":[],"class_list":["post-4905","post","type-post","status-publish","format-standard","has-post-thumbnail","hentry","category-educacion","category-escobar","category-jose-c-paz"],"_links":{"self":[{"href":"https:\/\/noticiasrec.com\/index.php?rest_route=\/wp\/v2\/posts\/4905","targetHints":{"allow":["GET"]}}],"collection":[{"href":"https:\/\/noticiasrec.com\/index.php?rest_route=\/wp\/v2\/posts"}],"about":[{"href":"https:\/\/noticiasrec.com\/index.php?rest_route=\/wp\/v2\/types\/post"}],"author":[{"embeddable":true,"href":"https:\/\/noticiasrec.com\/index.php?rest_route=\/wp\/v2\/users\/2"}],"replies":[{"embeddable":true,"href":"https:\/\/noticiasrec.com\/index.php?rest_route=%2Fwp%2Fv2%2Fcomments&post=4905"}],"version-history":[{"count":1,"href":"https:\/\/noticiasrec.com\/index.php?rest_route=\/wp\/v2\/posts\/4905\/revisions"}],"predecessor-version":[{"id":4907,"href":"https:\/\/noticiasrec.com\/index.php?rest_route=\/wp\/v2\/posts\/4905\/revisions\/4907"}],"wp:featuredmedia":[{"embeddable":true,"href":"https:\/\/noticiasrec.com\/index.php?rest_route=\/wp\/v2\/media\/4906"}],"wp:attachment":[{"href":"https:\/\/noticiasrec.com\/index.php?rest_route=%2Fwp%2Fv2%2Fmedia&parent=4905"}],"wp:term":[{"taxonomy":"category","embeddable":true,"href":"https:\/\/noticiasrec.com\/index.php?rest_route=%2Fwp%2Fv2%2Fcategories&post=4905"},{"taxonomy":"post_tag","embeddable":true,"href":"https:\/\/noticiasrec.com\/index.php?rest_route=%2Fwp%2Fv2%2Ftags&post=4905"}],"curies":[{"name":"wp","href":"https:\/\/api.w.org\/{rel}","templated":true}]}}