{"id":4870,"date":"2017-08-24T22:07:24","date_gmt":"2017-08-24T22:07:24","guid":{"rendered":"http:\/\/noticiasrec.com\/?p=4870"},"modified":"2017-08-24T22:07:24","modified_gmt":"2017-08-24T22:07:24","slug":"la-provincia-firmo-un-convenio-con-anses-para-garantizar-el-acceso-a-la-auh-a-400-mil-chicos","status":"publish","type":"post","link":"https:\/\/noticiasrec.com\/?p=4870","title":{"rendered":"La Provincia firm\u00f3 un convenio con Anses para garantizar el acceso a la AUH a 400 mil chicos"},"content":{"rendered":"<p>El ministro de Gobierno, Joaqu\u00edn de la Torre, firm\u00f3 un convenio junto al titular de ANSES, Emilio Basavilbaso. El intercambio de datos tiene como fin el expandir el acceso a la Asignaci\u00f3n Universal por Hijo (AUH) algo \u00abfundamental para completar la relaci\u00f3n de estos ni\u00f1os\/j\u00f3venes con sus padres, ya que la forma de determinar el derecho a percibir una prestaci\u00f3n social requiere conocer el ingreso familiar y la condici\u00f3n laboral de los progenitores\u00bb, seg\u00fan informaron.<\/p>\n<p>Seg\u00fan registros de ANSES, m\u00e1s de 400 mil chicos est\u00e1n en condiciones de obtener la AUH y no pueden hacerlo ya que no cuentan con la documentaci\u00f3n necesaria para la realizaci\u00f3n del tr\u00e1mite.<\/p>\n<p>De la Torre se mostr\u00f3 satisfecho por la celebraci\u00f3n del convenio que permite \u00abdar respuestas a necesidades concretas\u00bb y que apunta a \u00abbrindar protecci\u00f3n y ampliar derechos de los ni\u00f1os y sus familias es una prioridad de la gesti\u00f3n\u00bb.<\/p>\n<p>El plan se inscribe en el marco del Proyecto de Protecci\u00f3n de Ni\u00f1os y J\u00f3venes que cuenta con financiamiento del Banco Mundial. El mismo tiene por objeto apoyar al gobierno argentino en su estrategia de extender la cobertura de la Seguridad Social, impulsando acciones orientadas a garantizar la inclusi\u00f3n de los sectores m\u00e1s vulnerables de la sociedad en las pol\u00edticas de Protecci\u00f3n Social que implementa el Estado nacional.<\/p>\n","protected":false},"excerpt":{"rendered":"<p>El ministro de Gobierno, Joaqu\u00edn de la Torre, firm\u00f3 un convenio junto al titular de..<\/p>\n","protected":false},"author":2,"featured_media":4871,"comment_status":"open","ping_status":"open","sticky":false,"template":"","format":"standard","meta":{"footnotes":""},"categories":[2],"tags":[],"class_list":["post-4870","post","type-post","status-publish","format-standard","has-post-thumbnail","hentry","category-provincia"],"_links":{"self":[{"href":"https:\/\/noticiasrec.com\/index.php?rest_route=\/wp\/v2\/posts\/4870","targetHints":{"allow":["GET"]}}],"collection":[{"href":"https:\/\/noticiasrec.com\/index.php?rest_route=\/wp\/v2\/posts"}],"about":[{"href":"https:\/\/noticiasrec.com\/index.php?rest_route=\/wp\/v2\/types\/post"}],"author":[{"embeddable":true,"href":"https:\/\/noticiasrec.com\/index.php?rest_route=\/wp\/v2\/users\/2"}],"replies":[{"embeddable":true,"href":"https:\/\/noticiasrec.com\/index.php?rest_route=%2Fwp%2Fv2%2Fcomments&post=4870"}],"version-history":[{"count":1,"href":"https:\/\/noticiasrec.com\/index.php?rest_route=\/wp\/v2\/posts\/4870\/revisions"}],"predecessor-version":[{"id":4872,"href":"https:\/\/noticiasrec.com\/index.php?rest_route=\/wp\/v2\/posts\/4870\/revisions\/4872"}],"wp:featuredmedia":[{"embeddable":true,"href":"https:\/\/noticiasrec.com\/index.php?rest_route=\/wp\/v2\/media\/4871"}],"wp:attachment":[{"href":"https:\/\/noticiasrec.com\/index.php?rest_route=%2Fwp%2Fv2%2Fmedia&parent=4870"}],"wp:term":[{"taxonomy":"category","embeddable":true,"href":"https:\/\/noticiasrec.com\/index.php?rest_route=%2Fwp%2Fv2%2Fcategories&post=4870"},{"taxonomy":"post_tag","embeddable":true,"href":"https:\/\/noticiasrec.com\/index.php?rest_route=%2Fwp%2Fv2%2Ftags&post=4870"}],"curies":[{"name":"wp","href":"https:\/\/api.w.org\/{rel}","templated":true}]}}