{"id":4833,"date":"2017-08-09T20:11:43","date_gmt":"2017-08-09T20:11:43","guid":{"rendered":"http:\/\/noticiasrec.com\/?p=4833"},"modified":"2017-08-09T20:14:12","modified_gmt":"2017-08-09T20:14:12","slug":"entre-ayer-y-hoy-diez-personas-perdieron-la-vida-por-siniestros-viales-en-rutas-bonaerenses","status":"publish","type":"post","link":"https:\/\/noticiasrec.com\/?p=4833","title":{"rendered":"Entre ayer y hoy, diez personas perdieron la vida por siniestros viales en rutas bonaerenses"},"content":{"rendered":"<p>Un total de 10 personas fallecieron entre ayer y hoy en tres accidentes viales ocurridos en distintas rutas de la provincia de Buenos Aires, hechos que volvieron a poner en debate la alarmante cifra de muertos en siniestros viales que en Argentina afectan anualmente a cerca de 5.600 personas, seg\u00fan cifras oficiales.<\/p>\n<p>No obstante, la ONG Luchemos por la Vida ubica el n\u00famero de v\u00edctimas en algo m\u00e1s de 7.000.<\/p>\n<p>Los accidentes de las \u00faltimas horas tuvieron caracter\u00edsticas similares y ocurrieron en las ciudades de Brandsen, Pilar y Pergamino.<\/p>\n<p>Como hubo informado este medio, el primer siniestro ocurri\u00f3 ayer a la ma\u00f1ana, cuando un matrimonio que se trasladaba en una camioneta falleci\u00f3 luego de chocar contra un cami\u00f3n en la ruta 29, a la altura del kil\u00f3metro 3.<\/p>\n<p>El otro caso ocurri\u00f3 anoche, cerca de las 22.30, en el kil\u00f3metro 233 de la ruta nacional 8 cuando chocaron de frente un cami\u00f3n y un Chevrolet Aveo en el que viajaban cuatro personas de nacionalidad paraguaya.<\/p>\n<p>Debido al fuerte impacto, los ocupantes del autom\u00f3vil perdieron la vida en forma instant\u00e1nea y fueron identificados como Lorenzo Godoy Paniagua (conductor), Juan F\u00e9lix Escobar Fern\u00e1ndez y David Cuenca Richard, y a\u00fan resta confirmar una identidad.<\/p>\n<p>El chofer, Miguel N\u00fa\u00f1ez, declar\u00f3 ante los medios televisivos que el conductor del auto ven\u00eda \u00aba muy alta velocidad\u00bb y que \u00abse me vino tan encima m\u00edo que no me dio tiempo a hacer ninguna maniobra y ven\u00eda pr\u00e1cticamente a contramano\u00bb.<\/p>\n<p>N\u00fa\u00f1ez declar\u00f3 ante la justicia y explic\u00f3, a\u00fan en estado de shock, que con su compa\u00f1ero hab\u00edan \u00abdescansado bien y paramos a ba\u00f1arnos en el pueblo anterior\u00bb y detall\u00f3 que ven\u00edan a una \u00abvelocidad promedio de 75 u 80 kil\u00f3metros\u00bb.<\/p>\n<p>Por \u00faltimo, hoy a la 6.30 en el ingreso a la localidad de Astolfi, en el partido de Pilar, y por causas que se investigan, un cami\u00f3n con semirremolque choc\u00f3 de frente contra un auto Chevrolet Corsa que circulaba por la ruta provincial 25.<\/p>\n<p>A ra\u00edz del impacto, cuatro personas que viajaban en el autom\u00f3vil fallecieron en el acto, mientras que el chofer del rodado pesado solo sufri\u00f3 heridas leves, informaron bomberos de la zona.<\/p>\n<p>Ante el siniestro intervino la UFI n\u00famero 4 y se identific\u00f3 a tres de los cuatro fallecidos, todos oriundos de la ciudad de Moreno: Jos\u00e9 Mart\u00edn Micheloud de 77 a\u00f1os (conductor) y los acompa\u00f1antes Nicol\u00e1s Horacio Riedel, de 23, y su hermano Daniel Edgardo Riedel, de 36, mientras a\u00fan resta establecer la identidad del cuarto ocupante del veh\u00edculo.<\/p>\n<p>El jefe de bomberos de Pilar, Ram\u00f3n Pared, dijo en declaraciones televisivas que \u00ablas condiciones del asfalto eran buenas ya que estaba seco y hay luminarias en la zona\u00bb y detall\u00f3 que \u00ablo que provoc\u00f3 el incidente fue la alta velocidad\u00bb.<\/p>\n<p>El auto se encontraba completamente destrozado y los bomberos tuvieron que trabajar con elementos hidr\u00e1ulicos para cortar el techo y sacar los cuerpos.<\/p>\n<p>Los especialistas que trabajaron en el lugar barajaron la hip\u00f3tesis de que el veh\u00edculo quiso sobrepasar a otro y al no tener lugar para volver y ver al cami\u00f3n de frente, cruz\u00f3 hacia la banquina contraria, donde choc\u00f3 contra el cami\u00f3n.<br \/>\nEl chofer del cami\u00f3n semirremolque que llevaba carga de harina, fue traslado al hospital Central de Pilar Juan Sanguinetti.<\/p>\n<p>Seg\u00fan las cifras de la Agencia Nacional de Seguridad Vial (ANSV) durante 2016 se produjeron un total de 5.613 muertes en todo el territorio nacional.<\/p>\n<p>Un estudio realizado por la Agencia demuestra que 8 de cada 10 conductores de veh\u00edculos son hombres y que las mujeres manejan menos pero se cuidan m\u00e1s: \u00abcerca del 60 por ciento utiliza el cintur\u00f3n de seguridad y menos del 50% en el caso de los hombres\u00bb.<\/p>\n<p>Adem\u00e1s, las mujeres influyen positivamente en el uso del cintur\u00f3n de todos los integrantes del veh\u00edculo, ya que cuando ellas manejan, m\u00e1s del 50% de los integrantes del veh\u00edculo lo llevan puesto.<\/p>\n<p>S\u00f3lo el 43,6% de los veh\u00edculos observados en Argentina circula con todos sus ocupantes protegidos con cintur\u00f3n de seguridad.<\/p>\n<p>Sobre la seguridad infantil en los veh\u00edculos, en Argentina 7 de cada 10 menores de edad (0 a 17 a\u00f1os) circulan desprotegidos, porque no utilizan ning\u00fan elemento de seguridad o porque utilizan uno incorrecto.<\/p>\n<p>Acerca del uso de luces diurnas en los veh\u00edculos, solo 4 de cada 10 las utilizan en forma reglamentaria.<\/p>\n","protected":false},"excerpt":{"rendered":"<p>Un total de 10 personas fallecieron entre ayer y hoy en tres accidentes viales ocurridos..<\/p>\n","protected":false},"author":2,"featured_media":4834,"comment_status":"open","ping_status":"open","sticky":false,"template":"","format":"standard","meta":{"footnotes":""},"categories":[18,2],"tags":[119,120,121,26,118],"class_list":["post-4833","post","type-post","status-publish","format-standard","has-post-thumbnail","hentry","category-policiales","category-provincia","tag-10-personas-fallecieron","tag-brandsen","tag-pergamino","tag-pilar","tag-rutas-bonaerenses"],"_links":{"self":[{"href":"https:\/\/noticiasrec.com\/index.php?rest_route=\/wp\/v2\/posts\/4833","targetHints":{"allow":["GET"]}}],"collection":[{"href":"https:\/\/noticiasrec.com\/index.php?rest_route=\/wp\/v2\/posts"}],"about":[{"href":"https:\/\/noticiasrec.com\/index.php?rest_route=\/wp\/v2\/types\/post"}],"author":[{"embeddable":true,"href":"https:\/\/noticiasrec.com\/index.php?rest_route=\/wp\/v2\/users\/2"}],"replies":[{"embeddable":true,"href":"https:\/\/noticiasrec.com\/index.php?rest_route=%2Fwp%2Fv2%2Fcomments&post=4833"}],"version-history":[{"count":1,"href":"https:\/\/noticiasrec.com\/index.php?rest_route=\/wp\/v2\/posts\/4833\/revisions"}],"predecessor-version":[{"id":4835,"href":"https:\/\/noticiasrec.com\/index.php?rest_route=\/wp\/v2\/posts\/4833\/revisions\/4835"}],"wp:featuredmedia":[{"embeddable":true,"href":"https:\/\/noticiasrec.com\/index.php?rest_route=\/wp\/v2\/media\/4834"}],"wp:attachment":[{"href":"https:\/\/noticiasrec.com\/index.php?rest_route=%2Fwp%2Fv2%2Fmedia&parent=4833"}],"wp:term":[{"taxonomy":"category","embeddable":true,"href":"https:\/\/noticiasrec.com\/index.php?rest_route=%2Fwp%2Fv2%2Fcategories&post=4833"},{"taxonomy":"post_tag","embeddable":true,"href":"https:\/\/noticiasrec.com\/index.php?rest_route=%2Fwp%2Fv2%2Ftags&post=4833"}],"curies":[{"name":"wp","href":"https:\/\/api.w.org\/{rel}","templated":true}]}}