{"id":4775,"date":"2017-07-24T15:24:09","date_gmt":"2017-07-24T15:24:09","guid":{"rendered":"http:\/\/noticiasrec.com\/?p=4775"},"modified":"2017-07-24T15:24:09","modified_gmt":"2017-07-24T15:24:09","slug":"mario-ishii-inauguro-un-nuevo-hospital-municipal-en-el-barrio-sol-y-verde","status":"publish","type":"post","link":"https:\/\/noticiasrec.com\/?p=4775","title":{"rendered":"Mario Ishii inaugur\u00f3 un nuevo hospital municipal en el Barrio Sol y Verde"},"content":{"rendered":"<p>Mario Ishii, intendente de Jos\u00e9 C. Paz, inaugur\u00f3 hoy el Hospital Cardiovascular y Metab\u00f3lico \u00abMiguel \u00c1ngel Bulj\u00e1n\u00bb, en un acto que cont\u00f3 con m\u00e1s de 5000 mil asistentes.<\/p>\n<p>\u00abLa salud no puede esperar. Nuestra poblaci\u00f3n nos necesita\u00bb, se\u00f1al\u00f3 Ishii. Y agreg\u00f3: \u00abPor eso, seguimos trabajando para que no paren las obras de este distrito\u00bb.<\/p>\n<p>El hospital fue realizado \u00edntegramente con aportes de la Municipalidad de Jos\u00e9 C. Paz. Cuenta con 35 camas (7 de terapia intensiva), equipos de \u00faltima generaci\u00f3n para la atenci\u00f3n cardiol\u00f3gica, laboratorio de an\u00e1lisis, \u00e1rea especializada en diabetes y un gimnasio de rehabilitaci\u00f3n.<\/p>\n<p>Los centros atender\u00e1n a m\u00e1s de 1500 personas por d\u00eda del partido de Jos\u00e9 C. Paz, General Rodr\u00edguez, San Miguel, Malvinas Argentinas y zonas aleda\u00f1as.<\/p>\n<p>\u00abVamos a revolucionar la salud de los vecinos de Jos\u00e9 C. Paz. Nuestro objetivo principal es mejorar su calidad de viva\u00bb, concluy\u00f3 Mario Ishii despu\u00e9s de la inauguraci\u00f3n.<\/p>\n<p><iframe loading=\"lazy\" src=\"https:\/\/www.youtube.com\/embed\/TbEeSCXjAMc\" width=\"560\" height=\"315\" frameborder=\"0\" allowfullscreen=\"allowfullscreen\"><\/iframe><\/p>\n","protected":false},"excerpt":{"rendered":"<p>Mario Ishii, intendente de Jos\u00e9 C. Paz, inaugur\u00f3 hoy el Hospital Cardiovascular y Metab\u00f3lico \u00abMiguel..<\/p>\n","protected":false},"author":2,"featured_media":4776,"comment_status":"open","ping_status":"open","sticky":false,"template":"","format":"standard","meta":{"footnotes":""},"categories":[10,3],"tags":[],"class_list":["post-4775","post","type-post","status-publish","format-standard","has-post-thumbnail","hentry","category-jose-c-paz","category-municipios"],"_links":{"self":[{"href":"https:\/\/noticiasrec.com\/index.php?rest_route=\/wp\/v2\/posts\/4775","targetHints":{"allow":["GET"]}}],"collection":[{"href":"https:\/\/noticiasrec.com\/index.php?rest_route=\/wp\/v2\/posts"}],"about":[{"href":"https:\/\/noticiasrec.com\/index.php?rest_route=\/wp\/v2\/types\/post"}],"author":[{"embeddable":true,"href":"https:\/\/noticiasrec.com\/index.php?rest_route=\/wp\/v2\/users\/2"}],"replies":[{"embeddable":true,"href":"https:\/\/noticiasrec.com\/index.php?rest_route=%2Fwp%2Fv2%2Fcomments&post=4775"}],"version-history":[{"count":1,"href":"https:\/\/noticiasrec.com\/index.php?rest_route=\/wp\/v2\/posts\/4775\/revisions"}],"predecessor-version":[{"id":4777,"href":"https:\/\/noticiasrec.com\/index.php?rest_route=\/wp\/v2\/posts\/4775\/revisions\/4777"}],"wp:featuredmedia":[{"embeddable":true,"href":"https:\/\/noticiasrec.com\/index.php?rest_route=\/wp\/v2\/media\/4776"}],"wp:attachment":[{"href":"https:\/\/noticiasrec.com\/index.php?rest_route=%2Fwp%2Fv2%2Fmedia&parent=4775"}],"wp:term":[{"taxonomy":"category","embeddable":true,"href":"https:\/\/noticiasrec.com\/index.php?rest_route=%2Fwp%2Fv2%2Fcategories&post=4775"},{"taxonomy":"post_tag","embeddable":true,"href":"https:\/\/noticiasrec.com\/index.php?rest_route=%2Fwp%2Fv2%2Ftags&post=4775"}],"curies":[{"name":"wp","href":"https:\/\/api.w.org\/{rel}","templated":true}]}}