{"id":4744,"date":"2017-07-17T20:13:38","date_gmt":"2017-07-17T20:13:38","guid":{"rendered":"http:\/\/noticiasrec.com\/?p=4744"},"modified":"2017-07-17T20:13:38","modified_gmt":"2017-07-17T20:13:38","slug":"en-lo-que-va-del-ano-ya-robaron-en-255-escuelas-de-la-provincia","status":"publish","type":"post","link":"https:\/\/noticiasrec.com\/?p=4744","title":{"rendered":"En lo que va del a\u00f1o ya robaron en 255 escuelas de la Provincia"},"content":{"rendered":"<p>La inseguridad sigue creciendo en la provincia de Buenos Aires, donde parece no tener ning\u00fan tipo de c\u00f3digos ni de l\u00edmites. En las \u00faltimas horas, el Ministerio de Seguridad bonaerense dio a conocer cifras escalofriantes referidas al robo en escuelas que se encuentran dentro del territorio provincial. <\/p>\n<p>De acuerdo a lo que revelaron desde la cartera provincial que conduce el Ministro Cristian Ritondo, en lo que va de este a\u00f1o 2017 ya robaron en 255 escuelas de la Provincia. Seg\u00fan los datos proporcionados por el Gobierno de Mar\u00eda Eugenia Vidal, la mayor cantidad de casos se registraron en el Conurbano bonaerense. <\/p>\n<p>Durante los ataques, los ladrones suelen ingresar a los establecimientos cuando est\u00e1n vac\u00edos y llevarse elementos de valor. En la mayor\u00eda de los casos, provocan innumerables destrozos y hasta llegaron a utilizar la Bandera nacional como papel higi\u00e9nico, tal como ocurri\u00f3 en el Jard\u00edn N\u00ba14 de Lan\u00fas.  <\/p>\n<p>La Zona Sur del GBA es la m\u00e1s afectada por este problema. En mayo, suspendieron las clases en m\u00e1s de 10 escuelas de Villa Fiorito por robos violentos. En junio, una escuela de Solano sufri\u00f3 siete robos y el intento de secuestro a una maestra. Mientras que en Quilmes asaltaron 4 establecimientos en los \u00faltimos 30 d\u00edas.  <\/p>\n","protected":false},"excerpt":{"rendered":"<p>La inseguridad sigue creciendo en la provincia de Buenos Aires, donde parece no tener ning\u00fan..<\/p>\n","protected":false},"author":2,"featured_media":4745,"comment_status":"open","ping_status":"open","sticky":false,"template":"","format":"standard","meta":{"footnotes":""},"categories":[18,2],"tags":[],"class_list":["post-4744","post","type-post","status-publish","format-standard","has-post-thumbnail","hentry","category-policiales","category-provincia"],"_links":{"self":[{"href":"https:\/\/noticiasrec.com\/index.php?rest_route=\/wp\/v2\/posts\/4744","targetHints":{"allow":["GET"]}}],"collection":[{"href":"https:\/\/noticiasrec.com\/index.php?rest_route=\/wp\/v2\/posts"}],"about":[{"href":"https:\/\/noticiasrec.com\/index.php?rest_route=\/wp\/v2\/types\/post"}],"author":[{"embeddable":true,"href":"https:\/\/noticiasrec.com\/index.php?rest_route=\/wp\/v2\/users\/2"}],"replies":[{"embeddable":true,"href":"https:\/\/noticiasrec.com\/index.php?rest_route=%2Fwp%2Fv2%2Fcomments&post=4744"}],"version-history":[{"count":1,"href":"https:\/\/noticiasrec.com\/index.php?rest_route=\/wp\/v2\/posts\/4744\/revisions"}],"predecessor-version":[{"id":4746,"href":"https:\/\/noticiasrec.com\/index.php?rest_route=\/wp\/v2\/posts\/4744\/revisions\/4746"}],"wp:featuredmedia":[{"embeddable":true,"href":"https:\/\/noticiasrec.com\/index.php?rest_route=\/wp\/v2\/media\/4745"}],"wp:attachment":[{"href":"https:\/\/noticiasrec.com\/index.php?rest_route=%2Fwp%2Fv2%2Fmedia&parent=4744"}],"wp:term":[{"taxonomy":"category","embeddable":true,"href":"https:\/\/noticiasrec.com\/index.php?rest_route=%2Fwp%2Fv2%2Fcategories&post=4744"},{"taxonomy":"post_tag","embeddable":true,"href":"https:\/\/noticiasrec.com\/index.php?rest_route=%2Fwp%2Fv2%2Ftags&post=4744"}],"curies":[{"name":"wp","href":"https:\/\/api.w.org\/{rel}","templated":true}]}}