{"id":4676,"date":"2017-06-27T12:42:11","date_gmt":"2017-06-27T12:42:11","guid":{"rendered":"http:\/\/noticiasrec.com\/?p=4676"},"modified":"2017-06-27T12:42:11","modified_gmt":"2017-06-27T12:42:11","slug":"proponen-que-sean-delito-los-ataques-en-los-hospitales-bonaerenses","status":"publish","type":"post","link":"https:\/\/noticiasrec.com\/?p=4676","title":{"rendered":"Proponen que sean delito los ataques en los hospitales bonaerenses"},"content":{"rendered":"<p>En la provincia, comenzar\u00e1 una prueba piloto en 31 hospitales para reducir los ataques. Incluye el uso de botones antip\u00e1nico, c\u00e1maras y refuerzo en las puertas. Tambi\u00e9n se crear\u00e1 la Polic\u00eda Sanitaria. \u00abLos hechos de violencia est\u00e1n en aumento\u00bb, indic\u00f3 la ministra de Salud bonaerense, Zulma Ortiz.<\/p>\n<p>La prueba integra un programa m\u00e1s ambicioso: cambiar la cultura laboral en los hospitales. En el per\u00edodo 2014-2015, en la provincia se denunciaron 185 casos tanto de conflicto laboral como de violencia.<\/p>\n<p>Alejandro Risso V\u00e1zquez, coordinador m\u00e9dico de Terapia Intensiva del Sanatorio Otamendi, afirm\u00f3 que trabajar en las ambulancias, los servicios de emergencia y en las \u00e1reas de cuidados cr\u00edticos es \u00abun factor de riesgo\u00bb de una agresi\u00f3n f\u00edsica o verbal. \u00abQue la prevalencia de agresiones sea de 50% en nuestro pa\u00eds describe el creciente flagelo que vivimos los m\u00e9dicos -dijo a LA NACION-. No es s\u00f3lo en el sector p\u00fablico, sino tambi\u00e9n en el privado. D\u00eda tras d\u00eda, la violencia contra el personal de la salud est\u00e1 determinada por el \u00e1mbito de trabajo. Se denuncia m\u00e1s y se hacen evidentes las denuncias.\u00bb<\/p>\n<p>En la provincia, los insultos, los golpes y el uso de armas en las guardias \u00abafectaron a numerosos profesionales y usuarios del sistema de salud\u00bb, indicaron desde el Ministerio de Salud. Las causas van desde la demora en la atenci\u00f3n, la escasez de recursos humanos y las roturas de equipos para los estudios hasta la falta de una cultura del buen trato y el estr\u00e9s cr\u00f3nico al que est\u00e1 expuesta gran parte del personal.<\/p>\n<p>En el Pi\u00f1ero, donde atacaron al enfermero, los insultos y las amenazas son cotidianos. \u00abUno no termina de acostumbrarse. Antes, era venir al hospital a pedir ayuda y agradecer. Ahora, es para exigir y reaccionar mal\u00bb, dijo Cosme Pagano, director del hospital de Flores.<\/p>\n<p>El presidente de la AMM, Jorge Gilardi, dijo que lo que comenz\u00f3 hace algunos a\u00f1os en hospitales como Pi\u00f1ero, Penna, Santojanni y Argerich, adem\u00e1s de algunos centros de atenci\u00f3n primaria de la zona sur, se generaliz\u00f3 hasta afectar no s\u00f3lo al personal de la salud. En una sala del primer piso de la entidad, con el proyecto de ley terminado, explic\u00f3 que hubo \u00abun enlentecimiento en el sistema de atenci\u00f3n\u00bb de los pacientes.<\/p>\n<p>\u00abCuando un equipo va a vacunar a un barrio carenciado y lo asaltan, cuando una ambulancia demora media hora porque debe esperar un m\u00f3vil policial, cuando en pleno centro le pegan un palazo en la cabeza al profesional que baja de la ambulancia se deteriora la asistencia p\u00fablica -dijo-. Esto lleva a la medicina defensiva.\u00bb<\/p>\n<p>Vadim Mischanchuk, abogado de la AMM, coordin\u00f3 la redacci\u00f3n del proyecto que propone que la pena de prisi\u00f3n del art\u00edculo 188 del C\u00f3digo Penal, en su cap\u00edtulo sobre los delitos contra la seguridad p\u00fablica, alcance tambi\u00e9n a \u00abquien ataque hospitales, sanatorios o cualquier otro centro de salud, ya sea al da\u00f1ar instalaciones, impedir el funcionamiento normal o poner en peligro la integridad de quienes est\u00e9n en el lugar\u00bb.El texto tambi\u00e9n plantea que agredir a profesionales de la salud \u00aben cumplimiento de sus funciones\u00bb sea un agravante del delito de lesiones.<\/p>\n<p>\u00abLa sanci\u00f3n tiene una finalidad, adem\u00e1s de disuadir que se repita una conducta: que la gente sepa que entrar a un hospital y cometer un hecho vand\u00e1lico no es gratuito. Como sabe que no puede entrar a un banco a robar, tampoco puede ingresar a un hospital a hacer lo que quiera. No porque s\u00f3lo afecta la moral y la psiquis del personal, sino tambi\u00e9n porque altera el normal funcionamiento de la atenci\u00f3n\u00bb, indic\u00f3 Mischanchuk.<\/p>\n<p>Tareas comunitarias, multas, reparar da\u00f1os y disculpas p\u00fablicas por acta fueron las sanciones que ya recibieron algunos de los agresores. \u00abLa salud p\u00fablica es una pol\u00edtica de Estado. Si una ambulancia en el conurbano no puede salir de noche a asistir a un paciente, es un argentino privado de recibir atenci\u00f3n\u00bb, finaliz\u00f3 Girardi.<\/p>\n","protected":false},"excerpt":{"rendered":"<p>En la provincia, comenzar\u00e1 una prueba piloto en 31 hospitales para reducir los ataques. Incluye..<\/p>\n","protected":false},"author":2,"featured_media":4677,"comment_status":"open","ping_status":"open","sticky":false,"template":"","format":"standard","meta":{"footnotes":""},"categories":[18,2,19],"tags":[],"class_list":["post-4676","post","type-post","status-publish","format-standard","has-post-thumbnail","hentry","category-policiales","category-provincia","category-salud"],"_links":{"self":[{"href":"https:\/\/noticiasrec.com\/index.php?rest_route=\/wp\/v2\/posts\/4676","targetHints":{"allow":["GET"]}}],"collection":[{"href":"https:\/\/noticiasrec.com\/index.php?rest_route=\/wp\/v2\/posts"}],"about":[{"href":"https:\/\/noticiasrec.com\/index.php?rest_route=\/wp\/v2\/types\/post"}],"author":[{"embeddable":true,"href":"https:\/\/noticiasrec.com\/index.php?rest_route=\/wp\/v2\/users\/2"}],"replies":[{"embeddable":true,"href":"https:\/\/noticiasrec.com\/index.php?rest_route=%2Fwp%2Fv2%2Fcomments&post=4676"}],"version-history":[{"count":1,"href":"https:\/\/noticiasrec.com\/index.php?rest_route=\/wp\/v2\/posts\/4676\/revisions"}],"predecessor-version":[{"id":4678,"href":"https:\/\/noticiasrec.com\/index.php?rest_route=\/wp\/v2\/posts\/4676\/revisions\/4678"}],"wp:featuredmedia":[{"embeddable":true,"href":"https:\/\/noticiasrec.com\/index.php?rest_route=\/wp\/v2\/media\/4677"}],"wp:attachment":[{"href":"https:\/\/noticiasrec.com\/index.php?rest_route=%2Fwp%2Fv2%2Fmedia&parent=4676"}],"wp:term":[{"taxonomy":"category","embeddable":true,"href":"https:\/\/noticiasrec.com\/index.php?rest_route=%2Fwp%2Fv2%2Fcategories&post=4676"},{"taxonomy":"post_tag","embeddable":true,"href":"https:\/\/noticiasrec.com\/index.php?rest_route=%2Fwp%2Fv2%2Ftags&post=4676"}],"curies":[{"name":"wp","href":"https:\/\/api.w.org\/{rel}","templated":true}]}}