{"id":4645,"date":"2017-06-20T14:42:29","date_gmt":"2017-06-20T14:42:29","guid":{"rendered":"http:\/\/noticiasrec.com\/?p=4645"},"modified":"2017-06-20T14:42:29","modified_gmt":"2017-06-20T14:42:29","slug":"se-duplico-la-cantidad-de-camaras-de-seguridad-en-malvinas-argentinas","status":"publish","type":"post","link":"https:\/\/noticiasrec.com\/?p=4645","title":{"rendered":"Se duplic\u00f3 la cantidad de c\u00e1maras de seguridad en Malvinas Argentinas"},"content":{"rendered":"<p> El intendente Leo Nardini hab\u00eda anticipado la licitaci\u00f3n de c\u00e1maras de seguridad de \u00faltima tecnolog\u00eda para el desarrollo de su pol\u00edtica de prevenci\u00f3n y refuerzo de la seguridad en el distrito. La adquisici\u00f3n ya se concret\u00f3 y se dispuso su r\u00e1pida instalaci\u00f3n en toda la geograf\u00eda de la comuna.<\/p>\n<p>El jefe comunal se refiri\u00f3 a este avance en t\u00e9rminos de inversi\u00f3n sin precedentes en el municipio: \u201cInvertimos como nunca antes se hab\u00eda hecho en Malvinas Argentinas en materia de seguridad, estamos hablando del doble de cantidad de c\u00e1maras en el distrito\u201d.<\/p>\n<p>El Plan Integral de Seguridad tambi\u00e9n consiste en 10 nuevos puestos de seguridad, a los que se le sumar\u00e1n cuatro m\u00e1s antes de fin de a\u00f1o; la capacitaci\u00f3n permanente del personal del COM para que la informaci\u00f3n sea precisa y eficiente; el trabajo articulado de la Subsecretar\u00eda de Seguridad con las fuerzas policiales y nuevos tendidos de fibra \u00f3ptica para una mejor y r\u00e1pida comunicaci\u00f3n. Adem\u00e1s se anunci\u00f3 la construcci\u00f3n de un Polo de Seguridad que nuclear\u00e1 al nuevo COM, Defensa Civil y Gendarmer\u00eda.<\/p>\n<p>Estas son las direcciones de las \u00faltimas nuevas c\u00e1maras ya instaladas: Colpayo y Ruta 197 en Ing. Adolfo Sourdeaux; Morse y Maure, en el barrio \u00abLa Caba\u00f1a\u00bb en Ing. Pablo Nogu\u00e9s; Congresales y Suiza, Plaza 2 de Abril, Perito Moreno y Av. Pte. Per\u00f3n y Suipacha y Rivadavia en Los Polvorines; Arqu\u00edmides y Carlos Pellegrini, Villa de Mayo y Rosario y Sucre y Sarratea en Villa De Mayo; Av. Constituyentes y Colectora Panamericana en Tortuguitas; Jos\u00e9 Hern\u00e1ndez y Pasco y Cura Brochero y Pasco en Grand Bourg.<\/p>\n","protected":false},"excerpt":{"rendered":"<p>El intendente Leo Nardini hab\u00eda anticipado la licitaci\u00f3n de c\u00e1maras de seguridad de \u00faltima tecnolog\u00eda..<\/p>\n","protected":false},"author":2,"featured_media":4646,"comment_status":"open","ping_status":"open","sticky":false,"template":"","format":"standard","meta":{"footnotes":""},"categories":[9,3],"tags":[103,104,17],"class_list":["post-4645","post","type-post","status-publish","format-standard","has-post-thumbnail","hentry","category-malvinas-argentinas","category-municipios","tag-camaras-de-seguridad-en-malvinas-argentinas","tag-intendente-leo-nardini","tag-malvinas-argentinas"],"_links":{"self":[{"href":"https:\/\/noticiasrec.com\/index.php?rest_route=\/wp\/v2\/posts\/4645","targetHints":{"allow":["GET"]}}],"collection":[{"href":"https:\/\/noticiasrec.com\/index.php?rest_route=\/wp\/v2\/posts"}],"about":[{"href":"https:\/\/noticiasrec.com\/index.php?rest_route=\/wp\/v2\/types\/post"}],"author":[{"embeddable":true,"href":"https:\/\/noticiasrec.com\/index.php?rest_route=\/wp\/v2\/users\/2"}],"replies":[{"embeddable":true,"href":"https:\/\/noticiasrec.com\/index.php?rest_route=%2Fwp%2Fv2%2Fcomments&post=4645"}],"version-history":[{"count":1,"href":"https:\/\/noticiasrec.com\/index.php?rest_route=\/wp\/v2\/posts\/4645\/revisions"}],"predecessor-version":[{"id":4647,"href":"https:\/\/noticiasrec.com\/index.php?rest_route=\/wp\/v2\/posts\/4645\/revisions\/4647"}],"wp:featuredmedia":[{"embeddable":true,"href":"https:\/\/noticiasrec.com\/index.php?rest_route=\/wp\/v2\/media\/4646"}],"wp:attachment":[{"href":"https:\/\/noticiasrec.com\/index.php?rest_route=%2Fwp%2Fv2%2Fmedia&parent=4645"}],"wp:term":[{"taxonomy":"category","embeddable":true,"href":"https:\/\/noticiasrec.com\/index.php?rest_route=%2Fwp%2Fv2%2Fcategories&post=4645"},{"taxonomy":"post_tag","embeddable":true,"href":"https:\/\/noticiasrec.com\/index.php?rest_route=%2Fwp%2Fv2%2Ftags&post=4645"}],"curies":[{"name":"wp","href":"https:\/\/api.w.org\/{rel}","templated":true}]}}