{"id":4621,"date":"2017-06-13T22:58:26","date_gmt":"2017-06-13T22:58:26","guid":{"rendered":"http:\/\/noticiasrec.com\/?p=4621"},"modified":"2017-06-13T22:58:26","modified_gmt":"2017-06-13T22:58:26","slug":"indignante-dan-de-baja-a-pension-de-periodista-discapacitado-de-pilar","status":"publish","type":"post","link":"https:\/\/noticiasrec.com\/?p=4621","title":{"rendered":"Indignante: Dan de baja a pensi\u00f3n de periodista discapacitado de Pilar."},"content":{"rendered":"<p>Luciano G\u00f3mez tiene 28 a\u00f1os, es periodista y usa muletas para poder trasladarse. Naci\u00f3 con una discapacidad motriz, por haber llegado a este mundo con 5 meses y medio de gestaci\u00f3n.<br \/>\nDesde este mes fue dado de baja por parte del gobierno nacional entre los beneficiarios de una pensi\u00f3n por discapacidad, ya que, le dijeron, estudia en una universidad privada (Comunicaci\u00f3n Social), tiene una prepaga y, adem\u00e1s, recientemente se anot\u00f3 como monotributista.<br \/>\n\u00abDesde que nac\u00ed qued\u00e9 con secuelas motrices y me muevo con muletas. Pero me dijeron que no me corresponde cobrar la pensi\u00f3n por discapacidad, ya que tengo una prepaga, voy a una universidad privada, y me acabo de anotar en el monotributo\u00bb, cont\u00f3 G\u00f3mez a FM Estudio 2, quien vive con su mam\u00e1, viuda desde hace algunos a\u00f1os.<br \/>\n\u00abPara la ANSES yo tengo una empresa, cuando en realidad me anot\u00e9 en el monotributo para poder facturar notas y colaborar con algunos medios, pero no soy un empresario. Recib\u00eda 4000 pesos que me serv\u00edan para movilizarme, porque no puedo usar colectivos, y adem\u00e1s pagaba internet u otras cuestiones. Hace 20 a\u00f1os ten\u00eda la pensi\u00f3n, pero en la ANSES me dijeron que no hay vuelta atr\u00e1s y que tengo que estar en una situaci\u00f3n de vulnerabilidad. En todo caso, deber\u00eda darme de baja del monotributo y renunciar a la prepaga si es que quiero volver a contar con el beneficio\u00bb, finaliz\u00f3 G\u00f3mez.<\/p>\n<p>El gobierno nacional empez\u00f3 a poner en marcha un nuevo esquema de distribuci\u00f3n de pensiones por discapacidad, en rigor usando legislaci\u00f3n que no se utilizaba desde los &#8217;90, con el objeto de reducir la cantidad de beneficiarios. En lo que va del a\u00f1o, ya se dieron de baja m\u00e1s de 70 mil beneficio.<\/p>\n<p>Fuente\/\/Diario Pilar de Todos <\/p>\n","protected":false},"excerpt":{"rendered":"<p>Luciano G\u00f3mez tiene 28 a\u00f1os, es periodista y usa muletas para poder trasladarse. Naci\u00f3 con..<\/p>\n","protected":false},"author":2,"featured_media":4622,"comment_status":"open","ping_status":"open","sticky":false,"template":"","format":"standard","meta":{"footnotes":""},"categories":[31,11],"tags":[98,97,96,100,99,26],"class_list":["post-4621","post","type-post","status-publish","format-standard","has-post-thumbnail","hentry","category-nacionales","category-pilar","tag-baja","tag-discapacitado","tag-pension","tag-pensiones-por-discapacidad","tag-periodista-discapacitado","tag-pilar"],"_links":{"self":[{"href":"https:\/\/noticiasrec.com\/index.php?rest_route=\/wp\/v2\/posts\/4621","targetHints":{"allow":["GET"]}}],"collection":[{"href":"https:\/\/noticiasrec.com\/index.php?rest_route=\/wp\/v2\/posts"}],"about":[{"href":"https:\/\/noticiasrec.com\/index.php?rest_route=\/wp\/v2\/types\/post"}],"author":[{"embeddable":true,"href":"https:\/\/noticiasrec.com\/index.php?rest_route=\/wp\/v2\/users\/2"}],"replies":[{"embeddable":true,"href":"https:\/\/noticiasrec.com\/index.php?rest_route=%2Fwp%2Fv2%2Fcomments&post=4621"}],"version-history":[{"count":1,"href":"https:\/\/noticiasrec.com\/index.php?rest_route=\/wp\/v2\/posts\/4621\/revisions"}],"predecessor-version":[{"id":4623,"href":"https:\/\/noticiasrec.com\/index.php?rest_route=\/wp\/v2\/posts\/4621\/revisions\/4623"}],"wp:featuredmedia":[{"embeddable":true,"href":"https:\/\/noticiasrec.com\/index.php?rest_route=\/wp\/v2\/media\/4622"}],"wp:attachment":[{"href":"https:\/\/noticiasrec.com\/index.php?rest_route=%2Fwp%2Fv2%2Fmedia&parent=4621"}],"wp:term":[{"taxonomy":"category","embeddable":true,"href":"https:\/\/noticiasrec.com\/index.php?rest_route=%2Fwp%2Fv2%2Fcategories&post=4621"},{"taxonomy":"post_tag","embeddable":true,"href":"https:\/\/noticiasrec.com\/index.php?rest_route=%2Fwp%2Fv2%2Ftags&post=4621"}],"curies":[{"name":"wp","href":"https:\/\/api.w.org\/{rel}","templated":true}]}}