{"id":4603,"date":"2017-06-08T14:33:15","date_gmt":"2017-06-08T14:33:15","guid":{"rendered":"http:\/\/noticiasrec.com\/?p=4603"},"modified":"2017-06-08T14:33:15","modified_gmt":"2017-06-08T14:33:15","slug":"moreno-detuvieron-a-un-hombre-acusado-de-matar-a-un-joven-en-una-plaza","status":"publish","type":"post","link":"https:\/\/noticiasrec.com\/?p=4603","title":{"rendered":"Moreno: Detuvieron a un hombre acusado de matar a un joven en una plaza"},"content":{"rendered":"<p>Dos hombres de 32 y 30 a\u00f1os, uno de ellos con pedido de captura por un crimen ocurrido en el 2016, fueron detenidos hoy acusados de matar a un joven y atacar a balazos a otros cuando estaban en una plaza en la localidad de Moreno el pasado 28 de mayo.<\/p>\n<p>Las detenciones fueron concretadas por efectivos de la DDI Moreno\/Rodr\u00edguez que adem\u00e1s detuvo a otros dos sujetos por \u201ctenencia ilegal de armas de fuego\u201d y secuestr\u00f3 tres autos, uno de ellos usado en el homicidio.<\/p>\n<p>Seg\u00fan se inform\u00f3, los apresados est\u00e1n sospechados de matar de dos disparos a Maximiliano Navarro, de 21, en un presunto \u201cajuste de cuentas\u201d.<\/p>\n<p>De acuerdo a los investigadores, la v\u00edctima y algunos amigos estaban en la plaza del barrio Jardines, de Moreno, cuando desde un auto bajaron dos personas y comenzaron a disparar.<\/p>\n<p>Producto de la balacera, Navarro cay\u00f3 herido y muri\u00f3 camino al hospital de la zona.<\/p>\n<p>Tras una ardua investigaci\u00f3n, la Polic\u00eda determin\u00f3 que los dos grupos pertenecen a bandas antag\u00f3nicas.<\/p>\n<p>Finalmente, tras los recientes allanamientos, se detuvo a dos sujetos que habr\u00edan sido los autores del ataque. Uno de ellos ten\u00eda pedido de captura por el crimen de otro hombre cometido el 18 de octubre pasado. Interviene la UFI N 3 de Moreno.<\/p>\n","protected":false},"excerpt":{"rendered":"<p>Dos hombres de 32 y 30 a\u00f1os, uno de ellos con pedido de captura por..<\/p>\n","protected":false},"author":2,"featured_media":4604,"comment_status":"open","ping_status":"open","sticky":false,"template":"","format":"standard","meta":{"footnotes":""},"categories":[21,18],"tags":[87,85,86],"class_list":["post-4603","post","type-post","status-publish","format-standard","has-post-thumbnail","hentry","category-moreno","category-policiales","tag-acusado-de-matar-a-un-joven","tag-moreno","tag-pedido-de-captura"],"_links":{"self":[{"href":"https:\/\/noticiasrec.com\/index.php?rest_route=\/wp\/v2\/posts\/4603","targetHints":{"allow":["GET"]}}],"collection":[{"href":"https:\/\/noticiasrec.com\/index.php?rest_route=\/wp\/v2\/posts"}],"about":[{"href":"https:\/\/noticiasrec.com\/index.php?rest_route=\/wp\/v2\/types\/post"}],"author":[{"embeddable":true,"href":"https:\/\/noticiasrec.com\/index.php?rest_route=\/wp\/v2\/users\/2"}],"replies":[{"embeddable":true,"href":"https:\/\/noticiasrec.com\/index.php?rest_route=%2Fwp%2Fv2%2Fcomments&post=4603"}],"version-history":[{"count":1,"href":"https:\/\/noticiasrec.com\/index.php?rest_route=\/wp\/v2\/posts\/4603\/revisions"}],"predecessor-version":[{"id":4605,"href":"https:\/\/noticiasrec.com\/index.php?rest_route=\/wp\/v2\/posts\/4603\/revisions\/4605"}],"wp:featuredmedia":[{"embeddable":true,"href":"https:\/\/noticiasrec.com\/index.php?rest_route=\/wp\/v2\/media\/4604"}],"wp:attachment":[{"href":"https:\/\/noticiasrec.com\/index.php?rest_route=%2Fwp%2Fv2%2Fmedia&parent=4603"}],"wp:term":[{"taxonomy":"category","embeddable":true,"href":"https:\/\/noticiasrec.com\/index.php?rest_route=%2Fwp%2Fv2%2Fcategories&post=4603"},{"taxonomy":"post_tag","embeddable":true,"href":"https:\/\/noticiasrec.com\/index.php?rest_route=%2Fwp%2Fv2%2Ftags&post=4603"}],"curies":[{"name":"wp","href":"https:\/\/api.w.org\/{rel}","templated":true}]}}