{"id":4473,"date":"2017-05-09T15:42:49","date_gmt":"2017-05-09T15:42:49","guid":{"rendered":"http:\/\/noticiasrec.com\/?p=4473"},"modified":"2017-05-09T15:42:49","modified_gmt":"2017-05-09T15:42:49","slug":"provincia-de-bs-as-aprueban-aumentar-la-tarifa-electrica-un-189-por-sobre-los-valores-nacionales","status":"publish","type":"post","link":"https:\/\/noticiasrec.com\/?p=4473","title":{"rendered":"Provincia de Bs.As: Aprueban aumentar la tarifa el\u00e9ctrica un 18,9% por sobre los valores nacionales"},"content":{"rendered":"<p>El aumento de la tarifa el\u00e9ctrica que pagan los usuarios bonaerenses tendr\u00e1 un incremento este a\u00f1o del orden del 58%, ya que a la suba del 39,2% que autoriz\u00f3 el gobierno nacional, se agrega un aumento del 18,9% que la administraci\u00f3n de Mar\u00eda Eugenia Vidal autorizar\u00e1 a las el\u00e9ctricas, precisaron a T\u00e9lam fuentes del Poder Ejecutivo provincial.<\/p>\n<p>La cifra se conocer\u00e1 en las pr\u00f3ximas horas, cuando esta tarde se publique en el Bolet\u00edn Oficial de la Provincia la resoluci\u00f3n a trav\u00e9s de la cual el gobierno bonaerense autorizar\u00e1 a las empresas y cooperativas distribuidoras del servicio el\u00e9ctrico a aumentar la tarifa.<\/p>\n<p>De acuerdo con las fuentes, la suba de la tarifa el\u00e9ctrica alcanzar\u00eda un total de 58,1%, ya que al incremento del 39,2% que autoriz\u00f3 en enero pasado el gobierno nacional a la Compa\u00f1\u00eda Administradora del Mercado Mayorista El\u00e9ctrico (Cammesa), se a\u00f1adir\u00e1 un aumento del 18,9% que el Ejecutivo bonaerense autorizar\u00e1 a aplicar a las cuatro empresas distribuidoras (Edelap, EDEN, EDEA y EDES) y a las cooperativas que cumplen esa funci\u00f3n en el interior bonaerense.<\/p>\n<p>Las fuentes destacaron que las empresas firmaron un plan de obras que para 2017 implica una inversi\u00f3n de $580 millones, y m\u00e1s de $5.800 en cinco a\u00f1os.<\/p>\n<p>En diciembre del a\u00f1o pasado, las distribuidoras de energ\u00eda de toda la Provincia y las cooperativas del interior propusieron en el marco de dos audiencias p\u00fablicas, un aumento promedio para los usuarios residenciales del orden del 42%.<\/p>\n<p>Llevadas a cabo en Olavarr\u00eda y en La Plata, las audiencias fueron coordinadas por el Organismo de Control de la Provincia (Oceba) y los pedidos de las empresas fueron tomados para su an\u00e1lisis en el marco de la cartera que conduce Roberto Gigante.<\/p>\n<p>En ese marco, se constituy\u00f3 un comit\u00e9 de an\u00e1lisis del futuro aumento que integran el Oceba, presidido por Jorge Arce; la Subsecretar\u00eda de Servicios P\u00fablicos, a cargo de Pablo Gayt\u00e1n, y la Direcci\u00f3n de Energ\u00eda conducida por Edgardo Volos\u00edn.<\/p>\n<p>M\u00e1s all\u00e1 de la suba del precio de la energ\u00eda como materia prima que fije la Naci\u00f3n, este comit\u00e9 fijar\u00e1 el aumento de los costos de la distribuci\u00f3n en toda la Provincia.<\/p>\n","protected":false},"excerpt":{"rendered":"<p>El aumento de la tarifa el\u00e9ctrica que pagan los usuarios bonaerenses tendr\u00e1 un incremento este..<\/p>\n","protected":false},"author":2,"featured_media":4474,"comment_status":"open","ping_status":"open","sticky":false,"template":"","format":"standard","meta":{"footnotes":""},"categories":[51,2,5],"tags":[],"class_list":["post-4473","post","type-post","status-publish","format-standard","has-post-thumbnail","hentry","category-economia","category-provincia","category-sociedad"],"_links":{"self":[{"href":"https:\/\/noticiasrec.com\/index.php?rest_route=\/wp\/v2\/posts\/4473","targetHints":{"allow":["GET"]}}],"collection":[{"href":"https:\/\/noticiasrec.com\/index.php?rest_route=\/wp\/v2\/posts"}],"about":[{"href":"https:\/\/noticiasrec.com\/index.php?rest_route=\/wp\/v2\/types\/post"}],"author":[{"embeddable":true,"href":"https:\/\/noticiasrec.com\/index.php?rest_route=\/wp\/v2\/users\/2"}],"replies":[{"embeddable":true,"href":"https:\/\/noticiasrec.com\/index.php?rest_route=%2Fwp%2Fv2%2Fcomments&post=4473"}],"version-history":[{"count":1,"href":"https:\/\/noticiasrec.com\/index.php?rest_route=\/wp\/v2\/posts\/4473\/revisions"}],"predecessor-version":[{"id":4475,"href":"https:\/\/noticiasrec.com\/index.php?rest_route=\/wp\/v2\/posts\/4473\/revisions\/4475"}],"wp:featuredmedia":[{"embeddable":true,"href":"https:\/\/noticiasrec.com\/index.php?rest_route=\/wp\/v2\/media\/4474"}],"wp:attachment":[{"href":"https:\/\/noticiasrec.com\/index.php?rest_route=%2Fwp%2Fv2%2Fmedia&parent=4473"}],"wp:term":[{"taxonomy":"category","embeddable":true,"href":"https:\/\/noticiasrec.com\/index.php?rest_route=%2Fwp%2Fv2%2Fcategories&post=4473"},{"taxonomy":"post_tag","embeddable":true,"href":"https:\/\/noticiasrec.com\/index.php?rest_route=%2Fwp%2Fv2%2Ftags&post=4473"}],"curies":[{"name":"wp","href":"https:\/\/api.w.org\/{rel}","templated":true}]}}