{"id":4438,"date":"2017-04-25T21:55:13","date_gmt":"2017-04-25T21:55:13","guid":{"rendered":"http:\/\/noticiasrec.com\/?p=4438"},"modified":"2017-04-25T21:55:13","modified_gmt":"2017-04-25T21:55:13","slug":"puntapie-inicial-para-lo-que-sera-el-parque-industrial-de-jose-c-paz","status":"publish","type":"post","link":"https:\/\/noticiasrec.com\/?p=4438","title":{"rendered":"Puntapi\u00e9 inicial para lo que ser\u00e1 el Parque Industrial de Jos\u00e9 C. Paz"},"content":{"rendered":"<p>Programando con mirada hacia el futuro, Jos\u00e9 C. Paz, en la gesti\u00f3n del intendente Mario Ishii, comenz\u00f3 las obras para el parque industrial.<br \/>\nFrente a la VII Brigada A\u00e9rea, que delimita en la Av. Derqui con el partido de Moreno, en un amplio predio, recuperado del basural en que se lo hab\u00eda convertido, el municipio pace\u00f1o ha comenzado a trazar el Parque Industrial, que albergar\u00e1 inicialmente a una f\u00e1brica de veh\u00edculos el\u00e9ctricos.<\/p>\n<p>Dicha planta ser\u00e1 de la empresa China Dongfeng (DTFC) que fabrica buses, camionetas y coches ecol\u00f3gicos. Generar\u00e1 500 puestos de trabajo directo y 2.000 indirectos. Esta primera planta para fabricar y ensamblar veh\u00edculos el\u00e9ctricos de la Argentina consolidar\u00e1 el acuerdo firmado entre el municipio y la automotriz  DTFC, segunda fabricante de colectivos el\u00e9ctricos en la Rep\u00fablica Popular China. Como primer paso, llegar\u00e1n dos colectivos el\u00e9ctricos que funcionar\u00e1n como prueba piloto, luego arribar\u00e1 una mini van con capacidad de carga para 19 pasajeros y un autom\u00f3vil sed\u00e1n que se utilizar\u00e1n para las fuerzas de seguridad y una versi\u00f3n peque\u00f1a, tipo \u201cSmart\u201d, E-200, para dos personas, como veh\u00edculo particular.<\/p>\n<p>La visi\u00f3n de futuro del intendente Ishii, lo lleva a planificar un parque industrial, creando las condiciones para la instalaci\u00f3n de otras empresas, avanzando en la b\u00fasqueda de trabajo genuino para un distrito carente de \u00e9l. <\/p>\n","protected":false},"excerpt":{"rendered":"<p>Programando con mirada hacia el futuro, Jos\u00e9 C. Paz, en la gesti\u00f3n del intendente Mario..<\/p>\n","protected":false},"author":2,"featured_media":4439,"comment_status":"open","ping_status":"open","sticky":false,"template":"","format":"standard","meta":{"footnotes":""},"categories":[10,3],"tags":[],"class_list":["post-4438","post","type-post","status-publish","format-standard","has-post-thumbnail","hentry","category-jose-c-paz","category-municipios"],"_links":{"self":[{"href":"https:\/\/noticiasrec.com\/index.php?rest_route=\/wp\/v2\/posts\/4438","targetHints":{"allow":["GET"]}}],"collection":[{"href":"https:\/\/noticiasrec.com\/index.php?rest_route=\/wp\/v2\/posts"}],"about":[{"href":"https:\/\/noticiasrec.com\/index.php?rest_route=\/wp\/v2\/types\/post"}],"author":[{"embeddable":true,"href":"https:\/\/noticiasrec.com\/index.php?rest_route=\/wp\/v2\/users\/2"}],"replies":[{"embeddable":true,"href":"https:\/\/noticiasrec.com\/index.php?rest_route=%2Fwp%2Fv2%2Fcomments&post=4438"}],"version-history":[{"count":1,"href":"https:\/\/noticiasrec.com\/index.php?rest_route=\/wp\/v2\/posts\/4438\/revisions"}],"predecessor-version":[{"id":4440,"href":"https:\/\/noticiasrec.com\/index.php?rest_route=\/wp\/v2\/posts\/4438\/revisions\/4440"}],"wp:featuredmedia":[{"embeddable":true,"href":"https:\/\/noticiasrec.com\/index.php?rest_route=\/wp\/v2\/media\/4439"}],"wp:attachment":[{"href":"https:\/\/noticiasrec.com\/index.php?rest_route=%2Fwp%2Fv2%2Fmedia&parent=4438"}],"wp:term":[{"taxonomy":"category","embeddable":true,"href":"https:\/\/noticiasrec.com\/index.php?rest_route=%2Fwp%2Fv2%2Fcategories&post=4438"},{"taxonomy":"post_tag","embeddable":true,"href":"https:\/\/noticiasrec.com\/index.php?rest_route=%2Fwp%2Fv2%2Ftags&post=4438"}],"curies":[{"name":"wp","href":"https:\/\/api.w.org\/{rel}","templated":true}]}}