{"id":4393,"date":"2017-04-13T15:41:57","date_gmt":"2017-04-13T15:41:57","guid":{"rendered":"http:\/\/noticiasrec.com\/?p=4393"},"modified":"2017-04-13T15:41:57","modified_gmt":"2017-04-13T15:41:57","slug":"mas-de-500-nuevas-escrituras-para-familias-pacenas","status":"publish","type":"post","link":"https:\/\/noticiasrec.com\/?p=4393","title":{"rendered":"Mas de 500 nuevas escrituras para familias pace\u00f1as."},"content":{"rendered":"<p>El intendente  de Jos\u00e9 C. Paz,  Mario Alberto Ishii, en acto organizado por el director de Vivienda comunal Agust\u00edn L\u00f3pez, acompa\u00f1ados del secretario general de Gobierno de la provincia, Fabi\u00e1n Perechodnik, el escribano general de Gobierno de la provincia, Marcos Rospide, el secretario de Gobierno Jos\u00e9 P\u00e9rez, y las escribanas adscriptas Claudia Defellitto y Natalia Navas, entregaron 503 t\u00edtulos de propiedad a vecinos del distrito, bajo el plan de escrituras sociales.<\/p>\n<p>La reuni\u00f3n fue en el sal\u00f3n del Centro Municipal de Estudios, con la presencia de titulares de viviendas y familiares.<\/p>\n<p>Posteriormente, el intendente Ishii en compa\u00f1\u00eda del director L\u00f3pez, firm\u00f3 en su despacho cada uno de las escrituras, que ser\u00e1n entregadas a los poseedores del t\u00edtulo de propiedad.<\/p>\n<p>Jos\u00e9 C. Paz avanza, por medio del \u00e1rea de referencia, en normalizar la titularidad de propiedades en el distrito, como pol\u00edtica de gesti\u00f3n del intendente Mario Ishii.<\/p>\n","protected":false},"excerpt":{"rendered":"<p>El intendente de Jos\u00e9 C. Paz, Mario Alberto Ishii, en acto organizado por el director..<\/p>\n","protected":false},"author":2,"featured_media":4394,"comment_status":"open","ping_status":"open","sticky":false,"template":"","format":"standard","meta":{"footnotes":""},"categories":[10,3],"tags":[],"class_list":["post-4393","post","type-post","status-publish","format-standard","has-post-thumbnail","hentry","category-jose-c-paz","category-municipios"],"_links":{"self":[{"href":"https:\/\/noticiasrec.com\/index.php?rest_route=\/wp\/v2\/posts\/4393","targetHints":{"allow":["GET"]}}],"collection":[{"href":"https:\/\/noticiasrec.com\/index.php?rest_route=\/wp\/v2\/posts"}],"about":[{"href":"https:\/\/noticiasrec.com\/index.php?rest_route=\/wp\/v2\/types\/post"}],"author":[{"embeddable":true,"href":"https:\/\/noticiasrec.com\/index.php?rest_route=\/wp\/v2\/users\/2"}],"replies":[{"embeddable":true,"href":"https:\/\/noticiasrec.com\/index.php?rest_route=%2Fwp%2Fv2%2Fcomments&post=4393"}],"version-history":[{"count":1,"href":"https:\/\/noticiasrec.com\/index.php?rest_route=\/wp\/v2\/posts\/4393\/revisions"}],"predecessor-version":[{"id":4395,"href":"https:\/\/noticiasrec.com\/index.php?rest_route=\/wp\/v2\/posts\/4393\/revisions\/4395"}],"wp:featuredmedia":[{"embeddable":true,"href":"https:\/\/noticiasrec.com\/index.php?rest_route=\/wp\/v2\/media\/4394"}],"wp:attachment":[{"href":"https:\/\/noticiasrec.com\/index.php?rest_route=%2Fwp%2Fv2%2Fmedia&parent=4393"}],"wp:term":[{"taxonomy":"category","embeddable":true,"href":"https:\/\/noticiasrec.com\/index.php?rest_route=%2Fwp%2Fv2%2Fcategories&post=4393"},{"taxonomy":"post_tag","embeddable":true,"href":"https:\/\/noticiasrec.com\/index.php?rest_route=%2Fwp%2Fv2%2Ftags&post=4393"}],"curies":[{"name":"wp","href":"https:\/\/api.w.org\/{rel}","templated":true}]}}