{"id":4329,"date":"2017-03-21T22:18:59","date_gmt":"2017-03-21T22:18:59","guid":{"rendered":"http:\/\/noticiasrec.com\/?p=4329"},"modified":"2017-03-21T22:19:51","modified_gmt":"2017-03-21T22:19:51","slug":"docentes-de-malvinas-argentinas-se-movilizaron-en-el-marco-del-paro-provincial","status":"publish","type":"post","link":"https:\/\/noticiasrec.com\/?p=4329","title":{"rendered":"Grand Bourg: Docentes se movilizaron en el marco del paro provincial"},"content":{"rendered":"<p>Participaron docentes autoconvocados de Malvinas Argentinas y sectores de la comunidad que los apoyan.<\/p>\n<p>La marcha comenz\u00f3 en la rotonda de Grand Bourg a las 18:30. Guardapolvos blancos, profesores, alumnos, amigos y familiares que apoyan la lucha de los docentes se fueron sumando. Unas 300 personas marcharon por el centro de la ciudad entonando cantos contra Macri y Vidal. Se vieron banderas de varias escuelas de la zona y carteles con consignas contra los descuentos, el voluntariado y en defensa de la escuela p\u00fablica.<\/p>\n<p>Al finalizar la marcha se realiz\u00f3 un acto donde se expresaron diferentes agrupaciones que fueron parte de la movilizaci\u00f3n como Docentes en Marcha, Tribuna Docente, Lista Marr\u00f3n y Frente Indigo, entre otras. Llamaron a movilizarse el mi\u00e9rcoles en el marco del paro nacional de CTERA y reclamaron a los gremios docentes que convoquen a asambleas abiertas para decidir como seguir la lucha.<\/p>\n<p>Fuente: laizquierdadiario.com<\/p>\n","protected":false},"excerpt":{"rendered":"<p>Participaron docentes autoconvocados de Malvinas Argentinas y sectores de la comunidad que los apoyan. La..<\/p>\n","protected":false},"author":2,"featured_media":4332,"comment_status":"open","ping_status":"open","sticky":false,"template":"","format":"standard","meta":{"footnotes":""},"categories":[25,9],"tags":[],"class_list":["post-4329","post","type-post","status-publish","format-standard","has-post-thumbnail","hentry","category-educacion","category-malvinas-argentinas"],"_links":{"self":[{"href":"https:\/\/noticiasrec.com\/index.php?rest_route=\/wp\/v2\/posts\/4329","targetHints":{"allow":["GET"]}}],"collection":[{"href":"https:\/\/noticiasrec.com\/index.php?rest_route=\/wp\/v2\/posts"}],"about":[{"href":"https:\/\/noticiasrec.com\/index.php?rest_route=\/wp\/v2\/types\/post"}],"author":[{"embeddable":true,"href":"https:\/\/noticiasrec.com\/index.php?rest_route=\/wp\/v2\/users\/2"}],"replies":[{"embeddable":true,"href":"https:\/\/noticiasrec.com\/index.php?rest_route=%2Fwp%2Fv2%2Fcomments&post=4329"}],"version-history":[{"count":2,"href":"https:\/\/noticiasrec.com\/index.php?rest_route=\/wp\/v2\/posts\/4329\/revisions"}],"predecessor-version":[{"id":4334,"href":"https:\/\/noticiasrec.com\/index.php?rest_route=\/wp\/v2\/posts\/4329\/revisions\/4334"}],"wp:featuredmedia":[{"embeddable":true,"href":"https:\/\/noticiasrec.com\/index.php?rest_route=\/wp\/v2\/media\/4332"}],"wp:attachment":[{"href":"https:\/\/noticiasrec.com\/index.php?rest_route=%2Fwp%2Fv2%2Fmedia&parent=4329"}],"wp:term":[{"taxonomy":"category","embeddable":true,"href":"https:\/\/noticiasrec.com\/index.php?rest_route=%2Fwp%2Fv2%2Fcategories&post=4329"},{"taxonomy":"post_tag","embeddable":true,"href":"https:\/\/noticiasrec.com\/index.php?rest_route=%2Fwp%2Fv2%2Ftags&post=4329"}],"curies":[{"name":"wp","href":"https:\/\/api.w.org\/{rel}","templated":true}]}}