{"id":4313,"date":"2017-03-15T20:42:47","date_gmt":"2017-03-15T20:42:47","guid":{"rendered":"http:\/\/noticiasrec.com\/?p=4313"},"modified":"2017-03-15T20:42:47","modified_gmt":"2017-03-15T20:42:47","slug":"nueva-etapa-en-la-construccion-del-hospital-municipal-de-san-fernando","status":"publish","type":"post","link":"https:\/\/noticiasrec.com\/?p=4313","title":{"rendered":"Nueva etapa en la construcci\u00f3n del Hospital Municipal de San Fernando"},"content":{"rendered":"<p>El Municipio de San Fernando se encuentra trabajando en la construcci\u00f3n de una de sus mayores obras p\u00fablicas, el Hospital Municipal ubicado en el predio de Av. Avellaneda y Chile, que ser\u00e1 un edificio moderno y de gran porte: m\u00e1s 8.000m2, con guardia, quir\u00f3fanos, laboratorio y m\u00e1s de 15 especialidades m\u00e9dicas para ni\u00f1os y adultos.<br \/>\nLa Secretaria de Medio Ambiente y Salud P\u00fablica, Alicia Aparicio, supervis\u00f3 el relleno de losa del \u00faltimo nivel de la estructura. All\u00ed sostuvo: \u201cEn este \u00faltimo tiempo los trabajos han avanzado r\u00e1pidamente y ya estamos licitando la etapa de cerramientos, techos, c\u00fapulas e instalaciones. Es una obra que para fin de 2017 o principios de 2018 estaremos terminando\u201d.<\/p>\n<p>\u201cTrabajar\u00e1 los 365 d\u00edas del a\u00f1o con una atenci\u00f3n de 12 horas diarias en sus especialidades y tendr\u00e1 guardia; ser\u00e1 ambulatorio y derivar\u00e1 internaciones al Hospital Provincial, el Zonal de Agudos \u2018Petrona V. de Cordero\u2019\u201d, detall\u00f3 la funcionaria, quien estuvo acompa\u00f1ada por la Subsecretaria de Obras P\u00fablicas, Gabriela D\u2019 Aquino.<br \/>\nEl establecimiento prev\u00e9 prestar atenci\u00f3n gratuita y de excelencia con o sin obra social. Contar\u00e1 con 40 camas de observaci\u00f3n, diagn\u00f3stico por im\u00e1genes, ecograf\u00edas, mamograf\u00edas y electrocardiogramas, y la \u00faltima tecnolog\u00eda en tom\u00f3grafos y laboratorio de an\u00e1lisis cl\u00ednicos. Se atender\u00e1n las especialidades de pediatr\u00eda, neurolog\u00eda, otorrinolaringolog\u00eda, cardiolog\u00eda, diabetes, nutrici\u00f3n, traumatolog\u00eda, ginecolog\u00eda, dermatolog\u00eda, neumonolog\u00eda, ergometr\u00eda y obstetricia; adem\u00e1s de que se aplicar\u00e1n vacunas y tendr\u00e1 su farmacia.<\/p>\n","protected":false},"excerpt":{"rendered":"<p>El Municipio de San Fernando se encuentra trabajando en la construcci\u00f3n de una de sus..<\/p>\n","protected":false},"author":2,"featured_media":4314,"comment_status":"open","ping_status":"open","sticky":false,"template":"","format":"standard","meta":{"footnotes":""},"categories":[72],"tags":[],"class_list":["post-4313","post","type-post","status-publish","format-standard","has-post-thumbnail","hentry","category-san-fernando"],"_links":{"self":[{"href":"https:\/\/noticiasrec.com\/index.php?rest_route=\/wp\/v2\/posts\/4313","targetHints":{"allow":["GET"]}}],"collection":[{"href":"https:\/\/noticiasrec.com\/index.php?rest_route=\/wp\/v2\/posts"}],"about":[{"href":"https:\/\/noticiasrec.com\/index.php?rest_route=\/wp\/v2\/types\/post"}],"author":[{"embeddable":true,"href":"https:\/\/noticiasrec.com\/index.php?rest_route=\/wp\/v2\/users\/2"}],"replies":[{"embeddable":true,"href":"https:\/\/noticiasrec.com\/index.php?rest_route=%2Fwp%2Fv2%2Fcomments&post=4313"}],"version-history":[{"count":1,"href":"https:\/\/noticiasrec.com\/index.php?rest_route=\/wp\/v2\/posts\/4313\/revisions"}],"predecessor-version":[{"id":4315,"href":"https:\/\/noticiasrec.com\/index.php?rest_route=\/wp\/v2\/posts\/4313\/revisions\/4315"}],"wp:featuredmedia":[{"embeddable":true,"href":"https:\/\/noticiasrec.com\/index.php?rest_route=\/wp\/v2\/media\/4314"}],"wp:attachment":[{"href":"https:\/\/noticiasrec.com\/index.php?rest_route=%2Fwp%2Fv2%2Fmedia&parent=4313"}],"wp:term":[{"taxonomy":"category","embeddable":true,"href":"https:\/\/noticiasrec.com\/index.php?rest_route=%2Fwp%2Fv2%2Fcategories&post=4313"},{"taxonomy":"post_tag","embeddable":true,"href":"https:\/\/noticiasrec.com\/index.php?rest_route=%2Fwp%2Fv2%2Ftags&post=4313"}],"curies":[{"name":"wp","href":"https:\/\/api.w.org\/{rel}","templated":true}]}}